{"id":25695,"date":"2022-02-03T00:00:55","date_gmt":"2022-02-03T03:00:55","guid":{"rendered":"http:\/\/www.yungayino.cl\/noticias\/?p=25695"},"modified":"2022-02-03T00:46:44","modified_gmt":"2022-02-03T03:46:44","slug":"refuerzan-llamado-a-jovenes-trabajadores-de-la-region-para-que-aprovechen-incentivos-laborales","status":"publish","type":"post","link":"https:\/\/www.yungayino.cl\/noticias\/?p=25695","title":{"rendered":"Refuerzan Llamado a J\u00f3venes Trabajadores de la Regi\u00f3n Para que Aprovechen Incentivos Laborales"},"content":{"rendered":"<p><img loading=\"lazy\" decoding=\"async\" class=\"alignnone size-full wp-image-25696\" src=\"http:\/\/www.yungayino.cl\/noticias\/wp-content\/uploads\/2022\/02\/3.jpg\" alt=\"\" width=\"700\" height=\"350\" srcset=\"https:\/\/www.yungayino.cl\/noticias\/wp-content\/uploads\/2022\/02\/3.jpg 700w, https:\/\/www.yungayino.cl\/noticias\/wp-content\/uploads\/2022\/02\/3-300x150.jpg 300w\" sizes=\"auto, (max-width: 700px) 100vw, 700px\" \/><\/p>\n<p style=\"text-align: justify;\">\u00d1uble, febrero 2022: Programa \u201cAprendices\u201d del Sence abrir\u00e1 45 cupos para este a\u00f1o, lo que se suma subsidio dirigido espec\u00edficamente a aquel grupo.<\/p>\n<p style=\"text-align: justify;\">Autoridades de la cartera del Trabajo en \u00d1uble reforzaron el llamado a los j\u00f3venes trabajadores de la regi\u00f3n a que aprovechen las iniciativas laborales disponibles, con el fin de incentivar la formalidad laboral y, adem\u00e1s, obtener complementos remuneracionales.<\/p>\n<p style=\"text-align: justify;\">En concreto, relevaron el aporte del programa \u201cAprendices\u201d del Servicio Nacional de Empleo (Sence), que este a\u00f1o abrir\u00e1 45 cupos para \u00d1uble, y cuyo objetivo es permitir la inserci\u00f3n laboral de personas mayores de 15 y menores de 25 a\u00f1os a las empresas, a trav\u00e9s de la bonificaci\u00f3n del 50% del ingreso m\u00ednimo mensual y de un bono de capacitaci\u00f3n de hasta $400.000, por cada contrato. Adem\u00e1s, como cada a\u00f1o, se podr\u00e1 postular al Subsidio al Empleo Joven, en este caso, dirigido a personas entre 18 y 24 a\u00f1os, tanto dependientes como independientes, y consistente en una bonificaci\u00f3n anual o mensual, para aumentar ingresos. En la zona, m\u00e1s de 4.000 trabajadores cobran dicho subsidio.<\/p>\n<p style=\"text-align: justify;\">\u201cPara nuestro Gobierno es fundamental promover la formalidad laboral y la seguridad social en todos los grupos de trabajadores y trabajadoras, puesto que es un elemento fundamental en la construcci\u00f3n de un mercado laboral digno y acorde a los tiempos. En el caso de los j\u00f3venes, hay una serie de instrumentos de incentivo para que puedan insertarse de manera adecuada, seg\u00fan sus necesidades, en fuentes laborales que adem\u00e1s permiten un transitar continuo hacia la capacitaci\u00f3n y la adquisici\u00f3n de nuevos conocimientos relativos al propio puesto de trabajo\u201d, se\u00f1al\u00f3 la seremi del Trabajo y Previsi\u00f3n Social, Yeniffer Ferrada.<\/p>\n<p style=\"text-align: justify;\">Asimismo, la seremi hizo hincapi\u00e9 en \u201clos m\u00faltiples programas de capacitaci\u00f3n gratuita que permanecen abiertos o pr\u00f3ximos a lanzarse, tanto en formato virtual como presencial. Estamos seguros de que la combinaci\u00f3n entre adquirir y mejorar competencias laborales y contar con incentivos a la formalidad tiene buenos resultados\u201d.<\/p>\n<p style=\"text-align: justify;\">Por su parte, el director regional del Sence, Rodolfo Zaror, indic\u00f3 que los procesos de postulaci\u00f3n \u201cse realizan v\u00eda web a trav\u00e9s de nuestro sitio <a href=\"http:\/\/www.subsidioalempleo.cl\">www.subsidioalempleo.cl<\/a>, y entre los requisitos, en el caso del subsidio para j\u00f3venes, est\u00e1 el pertenecer al 40% de la poblaci\u00f3n m\u00e1s vulnerable del pa\u00eds. Recordemos que, adem\u00e1s, desde 2019 la l\u00ednea \u2018Aprendices\u2019 contempla convenios con liceos educacionales para que los alumnos puedan realizar su pr\u00e1ctica profesional a trav\u00e9s del programa\u201d.<\/p>\n<p style=\"text-align: justify;\">La inversi\u00f3n fiscal para financiar el programa \u201cAprendices\u201d en su versi\u00f3n 2022 en la Regi\u00f3n de \u00d1uble, alcanza los $57 millones.<\/p>\n","protected":false},"excerpt":{"rendered":"<p>\u00d1uble, febrero 2022: Programa \u201cAprendices\u201d del Sence abrir\u00e1 45 cupos para este a\u00f1o, lo que se suma subsidio dirigido espec\u00edficamente a aquel grupo. Autoridades de la cartera del Trabajo en \u00d1uble reforzaron el llamado&#46;&#46;&#46;<\/p>\n","protected":false},"author":2,"featured_media":25696,"comment_status":"closed","ping_status":"open","sticky":false,"template":"","format":"standard","meta":{"footnotes":""},"categories":[1],"tags":[1115,1602,8,6,117],"class_list":["post-25695","post","type-post","status-publish","format-standard","has-post-thumbnail","hentry","category-noticias","tag-noticias","tag-sence","tag-yungay","tag-yungayino","tag-yungayinocl"],"_links":{"self":[{"href":"https:\/\/www.yungayino.cl\/noticias\/index.php?rest_route=\/wp\/v2\/posts\/25695","targetHints":{"allow":["GET"]}}],"collection":[{"href":"https:\/\/www.yungayino.cl\/noticias\/index.php?rest_route=\/wp\/v2\/posts"}],"about":[{"href":"https:\/\/www.yungayino.cl\/noticias\/index.php?rest_route=\/wp\/v2\/types\/post"}],"author":[{"embeddable":true,"href":"https:\/\/www.yungayino.cl\/noticias\/index.php?rest_route=\/wp\/v2\/users\/2"}],"replies":[{"embeddable":true,"href":"https:\/\/www.yungayino.cl\/noticias\/index.php?rest_route=%2Fwp%2Fv2%2Fcomments&post=25695"}],"version-history":[{"count":1,"href":"https:\/\/www.yungayino.cl\/noticias\/index.php?rest_route=\/wp\/v2\/posts\/25695\/revisions"}],"predecessor-version":[{"id":25697,"href":"https:\/\/www.yungayino.cl\/noticias\/index.php?rest_route=\/wp\/v2\/posts\/25695\/revisions\/25697"}],"wp:featuredmedia":[{"embeddable":true,"href":"https:\/\/www.yungayino.cl\/noticias\/index.php?rest_route=\/wp\/v2\/media\/25696"}],"wp:attachment":[{"href":"https:\/\/www.yungayino.cl\/noticias\/index.php?rest_route=%2Fwp%2Fv2%2Fmedia&parent=25695"}],"wp:term":[{"taxonomy":"category","embeddable":true,"href":"https:\/\/www.yungayino.cl\/noticias\/index.php?rest_route=%2Fwp%2Fv2%2Fcategories&post=25695"},{"taxonomy":"post_tag","embeddable":true,"href":"https:\/\/www.yungayino.cl\/noticias\/index.php?rest_route=%2Fwp%2Fv2%2Ftags&post=25695"}],"curies":[{"name":"wp","href":"https:\/\/api.w.org\/{rel}","templated":true}]}}