{"id":25698,"date":"2022-02-04T14:00:13","date_gmt":"2022-02-04T17:00:13","guid":{"rendered":"http:\/\/www.yungayino.cl\/noticias\/?p=25698"},"modified":"2022-02-04T15:46:49","modified_gmt":"2022-02-04T18:46:49","slug":"curva-de-hospitalizados-al-alza-aumento-de-un-140-en-los-ultimos-diez-dias","status":"publish","type":"post","link":"https:\/\/www.yungayino.cl\/noticias\/?p=25698","title":{"rendered":"Curva de Hospitalizados al Alza: Aumento de un 140% en los \u00daltimos Diez D\u00edas"},"content":{"rendered":"<p><img loading=\"lazy\" decoding=\"async\" class=\"alignnone size-full wp-image-25699\" src=\"http:\/\/www.yungayino.cl\/noticias\/wp-content\/uploads\/2022\/02\/hospitalizados.jpg\" alt=\"\" width=\"700\" height=\"350\" srcset=\"https:\/\/www.yungayino.cl\/noticias\/wp-content\/uploads\/2022\/02\/hospitalizados.jpg 700w, https:\/\/www.yungayino.cl\/noticias\/wp-content\/uploads\/2022\/02\/hospitalizados-300x150.jpg 300w\" sizes=\"auto, (max-width: 700px) 100vw, 700px\" \/><\/p>\n<p style=\"text-align: justify;\">\u00d1uble, febrero 2022: Con 65 pacientes hospitalizados, 19 en Unidad de Paciente Cr\u00edtico y 8 conectados a ventilaci\u00f3n mec\u00e1nica, actualmente se ha registrado un alza sostenida, lo que se refleja en que entre un 2 y un 3 por ciento de los casos activos de coronavirus en \u00d1uble requiere ser internado en un centro de salud.<\/p>\n<p style=\"text-align: justify;\">La pandemia vive actualmente complejos momentos en el pa\u00eds, situaci\u00f3n que se replica en la regi\u00f3n de \u00d1uble con d\u00edas en que los nuevos contagios han registrado cifras r\u00e9cord en lo que va de esta emergencia sanitaria. Casos al alza que han repercutido en la cantidad de portadores del virus que han requerido hospitalizaci\u00f3n, curva en ascenso que indica que en los \u00faltimos 10 d\u00edas la cantidad de personas internadas en un centro de salud ha aumentado en un 140%.<\/p>\n<p style=\"text-align: justify;\">El subdirector de Gesti\u00f3n Asistencial del SS\u00d1, Dr. Max Besser, destac\u00f3 que \u201cnuevamente estamos viviendo momentos complejos en nuestra regi\u00f3n, con una nueva alza de casos activos, lo que hemos ido arrastrando en las ultimas semanas, tal como proyectamos a inicios de a\u00f1o\u201d. El profesional adem\u00e1s se\u00f1al\u00f3 que \u201cmientras mantengamos esta alza de contagios diarios, claramente va a ir aumento el numero de personas que requieran de hospitalizaci\u00f3n. De los casos activos tenemos entre y 2 y un 3 por ciento de personas contagiadas que requieren ser internados, curva que ha aumentado en un 140% los \u00faltimos diez d\u00edas. No es de extra\u00f1ar que los pr\u00f3ximos d\u00edas sigamos viendo un nuevo aumento en esta materia.\u201d<\/p>\n<p style=\"text-align: justify;\">Con 2932 casos activos, el llamado de las autoridades es a respetar las medidas sanitarias y extremar todas las medidas de precauci\u00f3n. \u201cTodos tenemos que esforzarnos, ya que las medidas preventivas han demostrado que son efectivas, sobre todo en d\u00edas en que tenemos una alta carga viral circulando\u201d, enfatiz\u00f3 el Dr. Besser.<\/p>\n<p style=\"text-align: justify;\"><strong>La importancia del testeo<\/strong><\/p>\n<p style=\"text-align: justify;\">Si bien es cierto en los \u00faltimos d\u00edas ha aumentado el tiempo de espera de un resultado de un PCR por COVID-19, debido a la alta demanda de la poblaci\u00f3n, es importante enfatizar en lo relevante que es que una persona que presente alguno de los s\u00edntomas se testee r\u00e1pidamente. Por lo anterior las autoridades han recomendado que todas las personas sintom\u00e1ticas que se hayan realizado dicho examen se a\u00edslen de inmediato y se comporten, mientras esperan que se les entregue el resultado, como si estuvieran contagiados, de esa manera proteger\u00e1n a su entorno.<\/p>\n<p style=\"text-align: justify;\">Una jornada en la que se registraron 711 nuevos casos de Covid-19, con 3123 ex\u00e1menes procesados y una positividad que alcanz\u00f3 el 20,76%, en la cual adem\u00e1s se inform\u00f3 el retroceso en el Plan Paso a Paso de la comuna de Quirihue, la que, desde este s\u00e1bado 5 de febrero, a las 5:00 hrs., se encontrar\u00e1 en fase de Preparaci\u00f3n.<\/p>\n","protected":false},"excerpt":{"rendered":"<p>\u00d1uble, febrero 2022: Con 65 pacientes hospitalizados, 19 en Unidad de Paciente Cr\u00edtico y 8 conectados a ventilaci\u00f3n mec\u00e1nica, actualmente se ha registrado un alza sostenida, lo que se refleja en que entre un&#46;&#46;&#46;<\/p>\n","protected":false},"author":2,"featured_media":25699,"comment_status":"closed","ping_status":"open","sticky":false,"template":"","format":"standard","meta":{"footnotes":""},"categories":[1,1675],"tags":[2182,1115,65,8,6,117],"class_list":["post-25698","post","type-post","status-publish","format-standard","has-post-thumbnail","hentry","category-noticias","category-saludc","tag-coronavirus","tag-noticias","tag-salud","tag-yungay","tag-yungayino","tag-yungayinocl"],"_links":{"self":[{"href":"https:\/\/www.yungayino.cl\/noticias\/index.php?rest_route=\/wp\/v2\/posts\/25698","targetHints":{"allow":["GET"]}}],"collection":[{"href":"https:\/\/www.yungayino.cl\/noticias\/index.php?rest_route=\/wp\/v2\/posts"}],"about":[{"href":"https:\/\/www.yungayino.cl\/noticias\/index.php?rest_route=\/wp\/v2\/types\/post"}],"author":[{"embeddable":true,"href":"https:\/\/www.yungayino.cl\/noticias\/index.php?rest_route=\/wp\/v2\/users\/2"}],"replies":[{"embeddable":true,"href":"https:\/\/www.yungayino.cl\/noticias\/index.php?rest_route=%2Fwp%2Fv2%2Fcomments&post=25698"}],"version-history":[{"count":2,"href":"https:\/\/www.yungayino.cl\/noticias\/index.php?rest_route=\/wp\/v2\/posts\/25698\/revisions"}],"predecessor-version":[{"id":25701,"href":"https:\/\/www.yungayino.cl\/noticias\/index.php?rest_route=\/wp\/v2\/posts\/25698\/revisions\/25701"}],"wp:featuredmedia":[{"embeddable":true,"href":"https:\/\/www.yungayino.cl\/noticias\/index.php?rest_route=\/wp\/v2\/media\/25699"}],"wp:attachment":[{"href":"https:\/\/www.yungayino.cl\/noticias\/index.php?rest_route=%2Fwp%2Fv2%2Fmedia&parent=25698"}],"wp:term":[{"taxonomy":"category","embeddable":true,"href":"https:\/\/www.yungayino.cl\/noticias\/index.php?rest_route=%2Fwp%2Fv2%2Fcategories&post=25698"},{"taxonomy":"post_tag","embeddable":true,"href":"https:\/\/www.yungayino.cl\/noticias\/index.php?rest_route=%2Fwp%2Fv2%2Ftags&post=25698"}],"curies":[{"name":"wp","href":"https:\/\/api.w.org\/{rel}","templated":true}]}}