{"id":25703,"date":"2022-02-07T15:00:44","date_gmt":"2022-02-07T18:00:44","guid":{"rendered":"http:\/\/www.yungayino.cl\/noticias\/?p=25703"},"modified":"2022-02-07T15:22:36","modified_gmt":"2022-02-07T18:22:36","slug":"mejor-ninez-inicia-inedito-y-exigente-proceso-de-acreditacion-para-organismos-colaboradores","status":"publish","type":"post","link":"https:\/\/www.yungayino.cl\/noticias\/?p=25703","title":{"rendered":"Mejor Ni\u00f1ez Inicia In\u00e9dito y Exigente Proceso de Acreditaci\u00f3n Para Organismos Colaboradores"},"content":{"rendered":"<p><img loading=\"lazy\" decoding=\"async\" class=\"alignnone size-full wp-image-25704\" src=\"http:\/\/www.yungayino.cl\/noticias\/wp-content\/uploads\/2022\/02\/mejor-ninez.jpg\" alt=\"\" width=\"700\" height=\"350\" srcset=\"https:\/\/www.yungayino.cl\/noticias\/wp-content\/uploads\/2022\/02\/mejor-ninez.jpg 700w, https:\/\/www.yungayino.cl\/noticias\/wp-content\/uploads\/2022\/02\/mejor-ninez-300x150.jpg 300w\" sizes=\"auto, (max-width: 700px) 100vw, 700px\" \/><\/p>\n<p style=\"text-align: justify;\">\u00d1uble, febrero 2022: El Servicio Nacional de Protecci\u00f3n Especializada a la Ni\u00f1ez y Adolescencia, Mejor Ni\u00f1ez, incorpora dentro de sus cambios un nuevo proceso de acreditaci\u00f3n para todos los colaboradores que deseen acreditarse para poder ejecutar alguno de los programas de protecci\u00f3n para ni\u00f1os, ni\u00f1as y adolescentes que han sido amenazados o vulnerados en sus derechos.<\/p>\n<p style=\"text-align: justify;\">Todos los organismos colaboradores y personas que quieren seguir trabajando por la protecci\u00f3n especializada de la ni\u00f1ez tienen la obligaci\u00f3n de acreditarse bajo los nuevos est\u00e1ndares de calidad que exige la ley 21.302 que crea Mejor Ni\u00f1ez. El nuevo proceso eleva los requisitos y est\u00e1ndares para todos quienes deseen trabajar con el Servicio, \u201cno podemos volver a permitir que se transgredan sus derechos y para eso necesitamos avanzar con los mejores\u201d, dijo la Directora Nacional Mar\u00eda Jos\u00e9 Castro.<\/p>\n<p style=\"text-align: justify;\">Al igual como se elevaron las exigencias para quienes deseen ser colaboradores del Servicio, se establecen mecanismos de acompa\u00f1amiento desde el Departamento de Acreditaci\u00f3n y Gesti\u00f3n de Colaboradores de Mejor Ni\u00f1ez, donde se apoya a cada organismo interesado en acreditarse desde el momento en que manifiestan su inter\u00e9s en ello. Una vez acreditados, se inicia un apoyo permanente por parte de los gestores de colaboradores en cada regi\u00f3n del pa\u00eds. Lo anterior busca monitorear, apoyar y lograr una mejora constante, debido a que su labor resulta fundamental en el trabajo de reparaci\u00f3n del da\u00f1o y restituci\u00f3n de los derechos de los ni\u00f1os, ni\u00f1as y adolescentes.<\/p>\n<p style=\"text-align: justify;\">\u201cReconocemos que como Estado hemos fallado y una de nuestras falencias ha sido no acompa\u00f1ar ni apoyar con las herramientas necesarias a quienes se dedican a esta importante labor. Desde el 1\u00ba de octubre tenemos la oportunidad de iniciar un cambio transformador en esta materia, aportando una mirada renovada y colaborativa al sistema de protecci\u00f3n y necesitamos que en este camino nos acompa\u00f1en todos quienes quieran una mejor ni\u00f1ez para Chile\u201d, expres\u00f3 Mar\u00eda Jos\u00e9 Castro.<\/p>\n<p style=\"text-align: justify;\">Los nuevos requisitos, apuntan principalmente a mejorar de manera considerable la calidad de la atenci\u00f3n e intervenci\u00f3n a los ni\u00f1os, procurando garantizar su protecci\u00f3n bajo la premisa de mayor grado de capacitaci\u00f3n y especializaci\u00f3n de quienes ejecuten cada una de nuestras l\u00edneas de acci\u00f3n, apostando por una intervenci\u00f3n sustentada por la idoneidad y experiencia de quienes la realizan.<\/p>\n<p style=\"text-align: justify;\">Para asegurar un trabajo con las personas id\u00f3neas, se revisan desde el \u00e1mbito de su gesti\u00f3n general como organismo -evidenciando el funcionamiento de la instituci\u00f3n- hasta el detalle tanto de su gesti\u00f3n t\u00e9cnica, como administrativa y financiera, a fin de resguardar la debida protecci\u00f3n y restituci\u00f3n de los derechos de ni\u00f1os ni\u00f1as y adolescentes, as\u00ed como tambi\u00e9n velar por el correcto uso de los recursos p\u00fablicos entregados para dicho fin.<\/p>\n<p style=\"text-align: justify;\">Por su parte, la directora(s) regional del servicio, Carla Merino Ponce mencion\u00f3 que \u201cvamos a trabajar arduamente para que los organismos colaboradores de \u00d1uble y sus equipos de trabajo, realicen el proceso de acreditaci\u00f3n, con el fin de asegurar el bienestar y los derechos de los ni\u00f1os, ni\u00f1as y adolescentes de nuestra regi\u00f3n. Proteger, restituir derechos y reparar el da\u00f1o, fortaleciendo su desarrollo integral mediante equipos de profesionales y programas especializados, es uno de los principales pilares que rige a nuestro Servicio Mejor Ni\u00f1ez.\u201d<\/p>\n<p style=\"text-align: justify;\">Adem\u00e1s, se exige a cada colaborador, contar con un Modelo de Prevenci\u00f3n de Delitos, el cual debe contemplar una serie de herramientas y mecanismos que buscan anticiparse y con ello evitar la comisi\u00f3n de delitos que puedan afectar a ni\u00f1os, ni\u00f1as y adolescentes.<\/p>\n<p style=\"text-align: justify;\">Para m\u00e1s informaci\u00f3n sobre el proceso de acreditaci\u00f3n puede ingresar en <strong><a href=\"http:\/\/www.mejorninez.cl\">www.mejorninez.cl<\/a> <\/strong>y en el Instagram <strong>@mejorninez<\/strong><\/p>\n","protected":false},"excerpt":{"rendered":"<p>\u00d1uble, febrero 2022: El Servicio Nacional de Protecci\u00f3n Especializada a la Ni\u00f1ez y Adolescencia, Mejor Ni\u00f1ez, incorpora dentro de sus cambios un nuevo proceso de acreditaci\u00f3n para todos los colaboradores que deseen acreditarse para&#46;&#46;&#46;<\/p>\n","protected":false},"author":2,"featured_media":25704,"comment_status":"closed","ping_status":"open","sticky":false,"template":"","format":"standard","meta":{"footnotes":""},"categories":[1],"tags":[2536,1115,1678,8,6,117],"class_list":["post-25703","post","type-post","status-publish","format-standard","has-post-thumbnail","hentry","category-noticias","tag-mejor-ninez","tag-noticias","tag-nuble","tag-yungay","tag-yungayino","tag-yungayinocl"],"_links":{"self":[{"href":"https:\/\/www.yungayino.cl\/noticias\/index.php?rest_route=\/wp\/v2\/posts\/25703","targetHints":{"allow":["GET"]}}],"collection":[{"href":"https:\/\/www.yungayino.cl\/noticias\/index.php?rest_route=\/wp\/v2\/posts"}],"about":[{"href":"https:\/\/www.yungayino.cl\/noticias\/index.php?rest_route=\/wp\/v2\/types\/post"}],"author":[{"embeddable":true,"href":"https:\/\/www.yungayino.cl\/noticias\/index.php?rest_route=\/wp\/v2\/users\/2"}],"replies":[{"embeddable":true,"href":"https:\/\/www.yungayino.cl\/noticias\/index.php?rest_route=%2Fwp%2Fv2%2Fcomments&post=25703"}],"version-history":[{"count":1,"href":"https:\/\/www.yungayino.cl\/noticias\/index.php?rest_route=\/wp\/v2\/posts\/25703\/revisions"}],"predecessor-version":[{"id":25705,"href":"https:\/\/www.yungayino.cl\/noticias\/index.php?rest_route=\/wp\/v2\/posts\/25703\/revisions\/25705"}],"wp:featuredmedia":[{"embeddable":true,"href":"https:\/\/www.yungayino.cl\/noticias\/index.php?rest_route=\/wp\/v2\/media\/25704"}],"wp:attachment":[{"href":"https:\/\/www.yungayino.cl\/noticias\/index.php?rest_route=%2Fwp%2Fv2%2Fmedia&parent=25703"}],"wp:term":[{"taxonomy":"category","embeddable":true,"href":"https:\/\/www.yungayino.cl\/noticias\/index.php?rest_route=%2Fwp%2Fv2%2Fcategories&post=25703"},{"taxonomy":"post_tag","embeddable":true,"href":"https:\/\/www.yungayino.cl\/noticias\/index.php?rest_route=%2Fwp%2Fv2%2Ftags&post=25703"}],"curies":[{"name":"wp","href":"https:\/\/api.w.org\/{rel}","templated":true}]}}