{"id":25725,"date":"2022-02-14T07:00:20","date_gmt":"2022-02-14T10:00:20","guid":{"rendered":"http:\/\/www.yungayino.cl\/noticias\/?p=25725"},"modified":"2022-02-14T17:55:31","modified_gmt":"2022-02-14T20:55:31","slug":"protocolo-atencion-a-publico-municipalidad-de-yungay","status":"publish","type":"post","link":"https:\/\/www.yungayino.cl\/noticias\/?p=25725","title":{"rendered":"Protocolo Atenci\u00f3n a P\u00fablico Municipalidad de Yungay"},"content":{"rendered":"<p><img loading=\"lazy\" decoding=\"async\" class=\"alignnone size-full wp-image-25727\" src=\"http:\/\/www.yungayino.cl\/noticias\/wp-content\/uploads\/2022\/02\/1.jpg\" alt=\"\" width=\"700\" height=\"700\" srcset=\"https:\/\/www.yungayino.cl\/noticias\/wp-content\/uploads\/2022\/02\/1.jpg 700w, https:\/\/www.yungayino.cl\/noticias\/wp-content\/uploads\/2022\/02\/1-300x300.jpg 300w, https:\/\/www.yungayino.cl\/noticias\/wp-content\/uploads\/2022\/02\/1-150x150.jpg 150w, https:\/\/www.yungayino.cl\/noticias\/wp-content\/uploads\/2022\/02\/1-80x80.jpg 80w, https:\/\/www.yungayino.cl\/noticias\/wp-content\/uploads\/2022\/02\/1-320x320.jpg 320w\" sizes=\"auto, (max-width: 700px) 100vw, 700px\" \/><\/p>\n<p style=\"text-align: justify;\">Yungay, febrero 2022: Debido al aumento significativo de casos activos de COVID-19 en el territorio comunal, a partir del s\u00e1bado 12 de febrero a las 05:00 horas., Yungay retrocede a Fase 2 del \u201cPlan Paso a Paso, nos cuidamos\u201d.<\/p>\n<p style=\"text-align: justify;\">La Municipalidad de Yungay seguir\u00e1 las instrucciones que el Ministerio de salud ha dispuesto. Por lo tanto, el horario de atenci\u00f3n de p\u00fablico ser\u00e1 desde las 8:30 horas, hasta las 13:30 horas., con un aforo m\u00e1ximo por unidad de atenci\u00f3n (1 usuario por oficina).<\/p>\n<p style=\"text-align: justify;\">Al mismo tiempo, les recordamos que es primordial respetar todas las medidas sanitarias.<\/p>\n<p style=\"text-align: justify;\">Recuerde:<\/p>\n<ul>\n<li style=\"text-align: justify;\">Usa mascarilla<\/li>\n<li style=\"text-align: justify;\">Lava tus manos<\/li>\n<li style=\"text-align: justify;\">Mant\u00e9n el distanciamiento f\u00edsico<\/li>\n<li style=\"text-align: justify;\">Ventila frecuentemente tu hogar y espacios interiores<\/li>\n<\/ul>\n","protected":false},"excerpt":{"rendered":"<p>Yungay, febrero 2022: Debido al aumento significativo de casos activos de COVID-19 en el territorio comunal, a partir del s\u00e1bado 12 de febrero a las 05:00 horas., Yungay retrocede a Fase 2 del \u201cPlan&#46;&#46;&#46;<\/p>\n","protected":false},"author":2,"featured_media":25727,"comment_status":"closed","ping_status":"open","sticky":false,"template":"","format":"standard","meta":{"footnotes":""},"categories":[1],"tags":[1115,8,6,117],"class_list":["post-25725","post","type-post","status-publish","format-standard","has-post-thumbnail","hentry","category-noticias","tag-noticias","tag-yungay","tag-yungayino","tag-yungayinocl"],"_links":{"self":[{"href":"https:\/\/www.yungayino.cl\/noticias\/index.php?rest_route=\/wp\/v2\/posts\/25725","targetHints":{"allow":["GET"]}}],"collection":[{"href":"https:\/\/www.yungayino.cl\/noticias\/index.php?rest_route=\/wp\/v2\/posts"}],"about":[{"href":"https:\/\/www.yungayino.cl\/noticias\/index.php?rest_route=\/wp\/v2\/types\/post"}],"author":[{"embeddable":true,"href":"https:\/\/www.yungayino.cl\/noticias\/index.php?rest_route=\/wp\/v2\/users\/2"}],"replies":[{"embeddable":true,"href":"https:\/\/www.yungayino.cl\/noticias\/index.php?rest_route=%2Fwp%2Fv2%2Fcomments&post=25725"}],"version-history":[{"count":2,"href":"https:\/\/www.yungayino.cl\/noticias\/index.php?rest_route=\/wp\/v2\/posts\/25725\/revisions"}],"predecessor-version":[{"id":25728,"href":"https:\/\/www.yungayino.cl\/noticias\/index.php?rest_route=\/wp\/v2\/posts\/25725\/revisions\/25728"}],"wp:featuredmedia":[{"embeddable":true,"href":"https:\/\/www.yungayino.cl\/noticias\/index.php?rest_route=\/wp\/v2\/media\/25727"}],"wp:attachment":[{"href":"https:\/\/www.yungayino.cl\/noticias\/index.php?rest_route=%2Fwp%2Fv2%2Fmedia&parent=25725"}],"wp:term":[{"taxonomy":"category","embeddable":true,"href":"https:\/\/www.yungayino.cl\/noticias\/index.php?rest_route=%2Fwp%2Fv2%2Fcategories&post=25725"},{"taxonomy":"post_tag","embeddable":true,"href":"https:\/\/www.yungayino.cl\/noticias\/index.php?rest_route=%2Fwp%2Fv2%2Ftags&post=25725"}],"curies":[{"name":"wp","href":"https:\/\/api.w.org\/{rel}","templated":true}]}}