{"id":25729,"date":"2022-02-15T07:00:57","date_gmt":"2022-02-15T10:00:57","guid":{"rendered":"http:\/\/www.yungayino.cl\/noticias\/?p=25729"},"modified":"2022-02-14T17:57:36","modified_gmt":"2022-02-14T20:57:36","slug":"el-87-de-pacientes-internados-en-uci-no-cuenta-con-su-esquema-de-vacunacion-completo","status":"publish","type":"post","link":"https:\/\/www.yungayino.cl\/noticias\/?p=25729","title":{"rendered":"El 87% de Pacientes Internados en UCI no Cuenta con su Esquema de Vacunaci\u00f3n Completo"},"content":{"rendered":"<p><img loading=\"lazy\" decoding=\"async\" class=\"alignnone size-full wp-image-25730\" src=\"http:\/\/www.yungayino.cl\/noticias\/wp-content\/uploads\/2022\/02\/Hospitalizados-salud.jpg\" alt=\"\" width=\"700\" height=\"351\" srcset=\"https:\/\/www.yungayino.cl\/noticias\/wp-content\/uploads\/2022\/02\/Hospitalizados-salud.jpg 700w, https:\/\/www.yungayino.cl\/noticias\/wp-content\/uploads\/2022\/02\/Hospitalizados-salud-300x150.jpg 300w, https:\/\/www.yungayino.cl\/noticias\/wp-content\/uploads\/2022\/02\/Hospitalizados-salud-299x150.jpg 299w\" sizes=\"auto, (max-width: 700px) 100vw, 700px\" \/><\/p>\n<p style=\"text-align: justify;\">\u00d1uble, febrero 2022: Autoridades del Servicio de Salud \u00d1uble enfatizan en la importancia de la vacunaci\u00f3n, en una jornada en la que se registr\u00f3 un nuevo aumento en las hospitalizaciones a nivel regional, consolidando un alza del 60% en los \u00faltimos siete d\u00edas.<\/p>\n<p style=\"text-align: justify;\">Con el incremento de casos activos y los nuevos contagios registrados en febrero en \u00d1uble, nuevamente la red asistencial vive una jornada preocupante, con un importante aumento de hospitalizaciones por Covid-19.<\/p>\n<p style=\"text-align: justify;\">\u201cPodemos ver la tendencia que es notablemente al alza, con mayor \u00e9nfasis estos \u00faltimos 7 d\u00edas, lo que representa un 60% de aumento. Lo que podemos evidenciar es que a medida que suben los casos activos tambi\u00e9n lo hacen las hospitalizaciones, por eso es importante disminuir los contagios y ah\u00ed la vacunaci\u00f3n es clave\u201d, enfatiz\u00f3 la Directora (s) del Servicio de Salud \u00d1uble, Elizabeth Abarca.<\/p>\n<p style=\"text-align: justify;\">Aumento que mantiene en alerta a las autoridades del SS\u00d1, quienes adem\u00e1s destacaron que el rango etario de las personas que actualmente se encuentran internadas en una UCI de \u00d1uble, se trata en su mayor\u00eda de adultos mayores de 70 a\u00f1os y personas entre los 50 y 59 a\u00f1os.<\/p>\n<p style=\"text-align: justify;\">Ante este escenario, el Subdirector (s) de Gesti\u00f3n Asistencial del SS\u00d1, Dr. Guillermo Cornejo, inform\u00f3 que \u201cun 87% de las personas que est\u00e1n en una UCI en \u00d1uble no cuenta con su esquema de vacunaci\u00f3n completo, es decir, las personas que no est\u00e1n inoculadas son las que est\u00e1n en mayor riesgo de enfermar y obviamente esto involucra tambi\u00e9n un mayor riesgo de muerte\u201d.<\/p>\n<p style=\"text-align: justify;\">\u201cEstamos con una situaci\u00f3n de contagios, la m\u00e1s alta de casos activos que est\u00e1n requiriendo hospitalizaci\u00f3n a causa del Covid, por ello el principal llamado en este momento de la emergencia sanitaria es a seguir cuid\u00e1ndose, vacun\u00e1ndose y teste\u00e1ndose en caso de presentar s\u00edntomas de coronavirus. Nosotros podemos hacer todo lo humanamente posible, pero la verdad que en este minuto la tarea es de todos, de nuestros usuarios a poder cuidarse y cuidar a los m\u00e1s d\u00e9biles o los que est\u00e1n m\u00e1s propensos a contraer el virus\u201d, destac\u00f3 a su vez, Directora (s) de la instituci\u00f3n.<\/p>\n<p style=\"text-align: justify;\">El Dr. Cornejo junto con reiterar el llamado al autocuidado, recalc\u00f3 que \u201cal d\u00eda de hoy, el 3% de los casos activos se encuentra hospitalizado, lo que debe llevarnos a la reflexi\u00f3n de la importancia de disminuir la velocidad de contagios. Por ello, aclarar que no es que la variante sea menos peligrosa, de acuerdo con lo observado a nivel global, se ha visto una menor cantidad de personas ingresando a las unidades de cuidados intensivos, sin embargo, esto espec\u00edficamente en los grupos de persona no vacunadas. Por ello, asumir que \u00d3micron es menos peligrosa nos induce a error; adem\u00e1s, nos expone a m\u00e1s aumento de contagios\u201d.<\/p>\n","protected":false},"excerpt":{"rendered":"<p>\u00d1uble, febrero 2022: Autoridades del Servicio de Salud \u00d1uble enfatizan en la importancia de la vacunaci\u00f3n, en una jornada en la que se registr\u00f3 un nuevo aumento en las hospitalizaciones a nivel regional, consolidando&#46;&#46;&#46;<\/p>\n","protected":false},"author":2,"featured_media":25730,"comment_status":"closed","ping_status":"open","sticky":false,"template":"","format":"standard","meta":{"footnotes":""},"categories":[1,1675],"tags":[1115,1678,65,8,6,117],"class_list":["post-25729","post","type-post","status-publish","format-standard","has-post-thumbnail","hentry","category-noticias","category-saludc","tag-noticias","tag-nuble","tag-salud","tag-yungay","tag-yungayino","tag-yungayinocl"],"_links":{"self":[{"href":"https:\/\/www.yungayino.cl\/noticias\/index.php?rest_route=\/wp\/v2\/posts\/25729","targetHints":{"allow":["GET"]}}],"collection":[{"href":"https:\/\/www.yungayino.cl\/noticias\/index.php?rest_route=\/wp\/v2\/posts"}],"about":[{"href":"https:\/\/www.yungayino.cl\/noticias\/index.php?rest_route=\/wp\/v2\/types\/post"}],"author":[{"embeddable":true,"href":"https:\/\/www.yungayino.cl\/noticias\/index.php?rest_route=\/wp\/v2\/users\/2"}],"replies":[{"embeddable":true,"href":"https:\/\/www.yungayino.cl\/noticias\/index.php?rest_route=%2Fwp%2Fv2%2Fcomments&post=25729"}],"version-history":[{"count":1,"href":"https:\/\/www.yungayino.cl\/noticias\/index.php?rest_route=\/wp\/v2\/posts\/25729\/revisions"}],"predecessor-version":[{"id":25731,"href":"https:\/\/www.yungayino.cl\/noticias\/index.php?rest_route=\/wp\/v2\/posts\/25729\/revisions\/25731"}],"wp:featuredmedia":[{"embeddable":true,"href":"https:\/\/www.yungayino.cl\/noticias\/index.php?rest_route=\/wp\/v2\/media\/25730"}],"wp:attachment":[{"href":"https:\/\/www.yungayino.cl\/noticias\/index.php?rest_route=%2Fwp%2Fv2%2Fmedia&parent=25729"}],"wp:term":[{"taxonomy":"category","embeddable":true,"href":"https:\/\/www.yungayino.cl\/noticias\/index.php?rest_route=%2Fwp%2Fv2%2Fcategories&post=25729"},{"taxonomy":"post_tag","embeddable":true,"href":"https:\/\/www.yungayino.cl\/noticias\/index.php?rest_route=%2Fwp%2Fv2%2Ftags&post=25729"}],"curies":[{"name":"wp","href":"https:\/\/api.w.org\/{rel}","templated":true}]}}