{"id":25735,"date":"2022-02-17T07:00:20","date_gmt":"2022-02-17T10:00:20","guid":{"rendered":"http:\/\/www.yungayino.cl\/noticias\/?p=25735"},"modified":"2022-02-14T18:00:56","modified_gmt":"2022-02-14T21:00:56","slug":"autoridades-del-servicio-de-salud-nuble-llaman-a-hacer-un-buen-uso-de-los-servicios-de-urgencia","status":"publish","type":"post","link":"https:\/\/www.yungayino.cl\/noticias\/?p=25735","title":{"rendered":"Autoridades del Servicio de Salud \u00d1uble Llaman a Hacer un Buen Uso de los Servicios de Urgencia"},"content":{"rendered":"<p><img loading=\"lazy\" decoding=\"async\" class=\"alignnone size-full wp-image-25736\" src=\"http:\/\/www.yungayino.cl\/noticias\/wp-content\/uploads\/2022\/02\/Buen-uso-de-la-Red.jpg\" alt=\"\" width=\"700\" height=\"350\" srcset=\"https:\/\/www.yungayino.cl\/noticias\/wp-content\/uploads\/2022\/02\/Buen-uso-de-la-Red.jpg 700w, https:\/\/www.yungayino.cl\/noticias\/wp-content\/uploads\/2022\/02\/Buen-uso-de-la-Red-300x150.jpg 300w\" sizes=\"auto, (max-width: 700px) 100vw, 700px\" \/><\/p>\n<p style=\"text-align: justify;\">\u00d1uble, febrero 2022: Ante el incremento de consultas asociadas a Covid-19, desde la instituci\u00f3n explican que se deben priorizar patolog\u00edas graves y que revistan urgencia vital. En caso de s\u00edntomas de coronavirus, la recomendaci\u00f3n es aislarse preventivamente, reforzar las medidas de autocuidado y testearse para confirmar el diagn\u00f3stico.<\/p>\n<p style=\"text-align: justify;\">Considerando al estado actual de la red asistencial a prop\u00f3sito de la pandemia, el rol de la comunidad ser\u00e1 clave para no seguir tensionando a los centros de salud; evitando que contin\u00fae increment\u00e1ndose la cantidad de personas que consultan en las unidades de emergencia de la Regi\u00f3n, por ello desde el Servicio de Salud \u00d1uble (SS\u00d1) hicieron un llamado al buen uso de los servicios de urgencia, recomendando acudir a los recintos de Atenci\u00f3n Primaria para casos de menor complejidad.<\/p>\n<p style=\"text-align: justify;\">\u201cDada la situaci\u00f3n que estamos viviendo, necesitamos volver a pedir el apoyo de la ciudadan\u00eda. Si bien, la red asistencial de \u00d1uble se encuentra reforzada y nuestros equipos dispuestos para brindar atenci\u00f3n a quien lo requiera, vivimos uno de los momentos m\u00e1s complejos de la pandemia por lo que la responsabilidad y el autocuidado son claves para enfrentar la etapa actual que vive la emergencia sanitaria\u201d, destac\u00f3 Elizabeth Abarca, Directora (s) del SS\u00d1.<\/p>\n<p style=\"text-align: justify;\">La Dra. Claudia Quezada, Subdirectora (s) de Gesti\u00f3n Asistencial del SS\u00d1, enfatiz\u00f3 en que \u201ces primordial que cuando se trata de casos de menor complejidad, el o la paciente acuda a un SAR o SAPU de un Centro de Atenci\u00f3n Primaria de Salud, ya que en los recintos hospitalarios de nuestra Red Asistencial se priorizar\u00e1n las patolog\u00edas graves y de urgencia vital, ya que de esa manera se busca evitar una mayor saturaci\u00f3n de los servicios de urgencia\u201d.<\/p>\n<p style=\"text-align: justify;\">\u201cHoy la recomendaci\u00f3n es a prevenir; tenemos una alta demanda asociada al Covid-19, por lo que el llamado es a evitar aglomeraciones, respetar los aforos de acuerdo con el Plan Paso a Paso, mantener las medidas de autocuidado, vacunarse y testearse en caso de s\u00edntomas asociados a coronavirus\u201d, recalc\u00f3 la Dra. Quezada.<\/p>\n","protected":false},"excerpt":{"rendered":"<p>\u00d1uble, febrero 2022: Ante el incremento de consultas asociadas a Covid-19, desde la instituci\u00f3n explican que se deben priorizar patolog\u00edas graves y que revistan urgencia vital. En caso de s\u00edntomas de coronavirus, la recomendaci\u00f3n&#46;&#46;&#46;<\/p>\n","protected":false},"author":2,"featured_media":25736,"comment_status":"closed","ping_status":"open","sticky":false,"template":"","format":"standard","meta":{"footnotes":""},"categories":[1,1676],"tags":[1115,1678,65,8,6,117],"class_list":["post-25735","post","type-post","status-publish","format-standard","has-post-thumbnail","hentry","category-noticias","category-salud","tag-noticias","tag-nuble","tag-salud","tag-yungay","tag-yungayino","tag-yungayinocl"],"_links":{"self":[{"href":"https:\/\/www.yungayino.cl\/noticias\/index.php?rest_route=\/wp\/v2\/posts\/25735","targetHints":{"allow":["GET"]}}],"collection":[{"href":"https:\/\/www.yungayino.cl\/noticias\/index.php?rest_route=\/wp\/v2\/posts"}],"about":[{"href":"https:\/\/www.yungayino.cl\/noticias\/index.php?rest_route=\/wp\/v2\/types\/post"}],"author":[{"embeddable":true,"href":"https:\/\/www.yungayino.cl\/noticias\/index.php?rest_route=\/wp\/v2\/users\/2"}],"replies":[{"embeddable":true,"href":"https:\/\/www.yungayino.cl\/noticias\/index.php?rest_route=%2Fwp%2Fv2%2Fcomments&post=25735"}],"version-history":[{"count":1,"href":"https:\/\/www.yungayino.cl\/noticias\/index.php?rest_route=\/wp\/v2\/posts\/25735\/revisions"}],"predecessor-version":[{"id":25737,"href":"https:\/\/www.yungayino.cl\/noticias\/index.php?rest_route=\/wp\/v2\/posts\/25735\/revisions\/25737"}],"wp:featuredmedia":[{"embeddable":true,"href":"https:\/\/www.yungayino.cl\/noticias\/index.php?rest_route=\/wp\/v2\/media\/25736"}],"wp:attachment":[{"href":"https:\/\/www.yungayino.cl\/noticias\/index.php?rest_route=%2Fwp%2Fv2%2Fmedia&parent=25735"}],"wp:term":[{"taxonomy":"category","embeddable":true,"href":"https:\/\/www.yungayino.cl\/noticias\/index.php?rest_route=%2Fwp%2Fv2%2Fcategories&post=25735"},{"taxonomy":"post_tag","embeddable":true,"href":"https:\/\/www.yungayino.cl\/noticias\/index.php?rest_route=%2Fwp%2Fv2%2Ftags&post=25735"}],"curies":[{"name":"wp","href":"https:\/\/api.w.org\/{rel}","templated":true}]}}