{"id":25743,"date":"2022-02-15T18:00:51","date_gmt":"2022-02-15T21:00:51","guid":{"rendered":"http:\/\/www.yungayino.cl\/noticias\/?p=25743"},"modified":"2022-02-15T19:51:37","modified_gmt":"2022-02-15T22:51:37","slug":"pacientes-hospitalizados-por-covid-19-han-aumentado-en-un-548-en-los-ultimos-7-dias","status":"publish","type":"post","link":"https:\/\/www.yungayino.cl\/noticias\/?p=25743","title":{"rendered":"Pacientes Hospitalizados por Covid-19 Han Aumentado en un 54,8% en los \u00daltimos 7 D\u00edas"},"content":{"rendered":"<p><img loading=\"lazy\" decoding=\"async\" class=\"alignnone size-full wp-image-25744\" src=\"http:\/\/www.yungayino.cl\/noticias\/wp-content\/uploads\/2022\/02\/examen-pcr.jpg\" alt=\"\" width=\"700\" height=\"350\" srcset=\"https:\/\/www.yungayino.cl\/noticias\/wp-content\/uploads\/2022\/02\/examen-pcr.jpg 700w, https:\/\/www.yungayino.cl\/noticias\/wp-content\/uploads\/2022\/02\/examen-pcr-300x150.jpg 300w\" sizes=\"auto, (max-width: 700px) 100vw, 700px\" \/><\/p>\n<p style=\"text-align: justify;\">\u00d1uble, febrero 2022: Una nueva alza de hospitalizaciones se registr\u00f3 la jornada de este martes en \u00d1uble, manteniendo la tendencia de una curva ascendente. Cifra preocupante que se suma a los m\u00e1s de 5 mil casos activos que se mantienen en la regi\u00f3n.<\/p>\n<p style=\"text-align: justify;\">La Red Asistencial de \u00d1uble se encuentra en alerta con el constante aumento de pacientes que d\u00eda a d\u00eda est\u00e1n requiriendo hospitalizaci\u00f3n por complicaciones a causa del Covid-19. Un total de 127 personas se encuentran internadas en un centro asistencial; 45 m\u00e1s que hace una semana atr\u00e1s.<\/p>\n<p style=\"text-align: justify;\">\u201cLa jornada de hoy se inform\u00f3 una nueva alza en casos de internaciones en nuestros recintos asistenciales producto del coronavirus, lo que significa que, en solo 7 d\u00edas, los pacientes que han requerido ingresar a un establecimiento han aumentado en un 54,8%. Esta cifra nos mantiene alertas, reforzando nuestros equipos para enfrentar de la mejor manera esta etapa, trabajando en un plan de escalamiento y desescalamiento de camas para evitar una mayor saturaci\u00f3n de los establecimientos, considerando que 28 personas se encuentran en Unidad de Paciente Cr\u00edtico y 17 conectadas a ventilaci\u00f3n mec\u00e1nica\u201d, recalc\u00f3 Elizabeth Abarca, Directora (s) del SS\u00d1.<\/p>\n<p style=\"text-align: justify;\">Estar en uno de los momentos m\u00e1s complejos de la pandemia, lleva a reforzar el mensaje del autocuidado y del buen uso de los servicios de urgencia, recomendando que para los casos de menor complejidad se acerquen a un recinto de Atenci\u00f3n Primaria. \u201cEs primordial que la ciudadan\u00eda colabore y se cuide, respetando las medidas de prevenci\u00f3n, de testearse s\u00f3lo en caso de s\u00edntomas y de acudir a nuestras unidades de urgencia en caso de ser patolog\u00edas graves y de urgencia vital\u201d enfatiz\u00f3 Abarca.<\/p>\n<p style=\"text-align: justify;\">Una jornada en la que se registraron 997 nuevos casos, con 5.028 casos activos y un total de ex\u00e1menes procesados de 2.503, llegando a una positividad del 33,61%.<\/p>\n<p style=\"text-align: justify;\">Priorizaci\u00f3n de testeos de PCR y ant\u00edgeno<\/p>\n<p style=\"text-align: justify;\">Dado el alto nivel de contagios, desde el Servicio de Salud \u00d1uble enfatizaron en la importancia de acudir a testearse las personas con s\u00edntomas de coronavirus. Al respecto, la Subdirectora (s) de Gesti\u00f3n Asistencial, doctora Claudia Quezada, explic\u00f3 que \u201csi bien contamos con disponibilidad de stock tanto para el procesamiento de ex\u00e1menes de PCR como test de ant\u00edgeno, en este momento, estamos pidiendo que se testeen solo las personas con s\u00edntomas, quienes son los principales vectores del virus\u201d.<\/p>\n<p style=\"text-align: justify;\">\u201cEn ese contexto, les solicitamos no acudir a las unidades de emergencia para este tipo de ex\u00e1menes, sino que, para ello, asistan a los distintos puntos de b\u00fasqueda activa de casos desplegados en distintos puntos de la Regi\u00f3n y que acudan a las unidades de emergencia, solo quienes tienen complicaciones de salud por Covid-19 y tambi\u00e9n, reforcemos el autocuidado ya que, en este momento, la responsabilidad individual es clave en la contenci\u00f3n de la pandemia\u201d, recalc\u00f3 la especialista.<\/p>\n<p style=\"text-align: justify;\">Como medida de contenci\u00f3n producto de la alta contagiosidad del virus el Ministerio de Salud anunci\u00f3 que, desde este mi\u00e9rcoles 16 de febrero, a las 5.00 horas, en \u00d1uble retroceden a Preparaci\u00f3n la comuna de Trehuaco y a fase de Transici\u00f3n las comunas de Pinto, San Ignacio, San Nicol\u00e1s, Ninhue, San Carlos, Coelemu, San Fabi\u00e1n y R\u00e1nquil.<\/p>\n","protected":false},"excerpt":{"rendered":"<p>\u00d1uble, febrero 2022: Una nueva alza de hospitalizaciones se registr\u00f3 la jornada de este martes en \u00d1uble, manteniendo la tendencia de una curva ascendente. Cifra preocupante que se suma a los m\u00e1s de 5&#46;&#46;&#46;<\/p>\n","protected":false},"author":2,"featured_media":25744,"comment_status":"closed","ping_status":"open","sticky":false,"template":"","format":"standard","meta":{"footnotes":""},"categories":[1,1675],"tags":[1115,1678,65,8,6,117],"class_list":["post-25743","post","type-post","status-publish","format-standard","has-post-thumbnail","hentry","category-noticias","category-saludc","tag-noticias","tag-nuble","tag-salud","tag-yungay","tag-yungayino","tag-yungayinocl"],"_links":{"self":[{"href":"https:\/\/www.yungayino.cl\/noticias\/index.php?rest_route=\/wp\/v2\/posts\/25743","targetHints":{"allow":["GET"]}}],"collection":[{"href":"https:\/\/www.yungayino.cl\/noticias\/index.php?rest_route=\/wp\/v2\/posts"}],"about":[{"href":"https:\/\/www.yungayino.cl\/noticias\/index.php?rest_route=\/wp\/v2\/types\/post"}],"author":[{"embeddable":true,"href":"https:\/\/www.yungayino.cl\/noticias\/index.php?rest_route=\/wp\/v2\/users\/2"}],"replies":[{"embeddable":true,"href":"https:\/\/www.yungayino.cl\/noticias\/index.php?rest_route=%2Fwp%2Fv2%2Fcomments&post=25743"}],"version-history":[{"count":2,"href":"https:\/\/www.yungayino.cl\/noticias\/index.php?rest_route=\/wp\/v2\/posts\/25743\/revisions"}],"predecessor-version":[{"id":25746,"href":"https:\/\/www.yungayino.cl\/noticias\/index.php?rest_route=\/wp\/v2\/posts\/25743\/revisions\/25746"}],"wp:featuredmedia":[{"embeddable":true,"href":"https:\/\/www.yungayino.cl\/noticias\/index.php?rest_route=\/wp\/v2\/media\/25744"}],"wp:attachment":[{"href":"https:\/\/www.yungayino.cl\/noticias\/index.php?rest_route=%2Fwp%2Fv2%2Fmedia&parent=25743"}],"wp:term":[{"taxonomy":"category","embeddable":true,"href":"https:\/\/www.yungayino.cl\/noticias\/index.php?rest_route=%2Fwp%2Fv2%2Fcategories&post=25743"},{"taxonomy":"post_tag","embeddable":true,"href":"https:\/\/www.yungayino.cl\/noticias\/index.php?rest_route=%2Fwp%2Fv2%2Ftags&post=25743"}],"curies":[{"name":"wp","href":"https:\/\/api.w.org\/{rel}","templated":true}]}}