{"id":25757,"date":"2022-02-22T17:06:46","date_gmt":"2022-02-22T20:06:46","guid":{"rendered":"https:\/\/www.yungayino.cl\/noticias\/?p=25757"},"modified":"2022-02-22T18:10:54","modified_gmt":"2022-02-22T21:10:54","slug":"gobernador-crisostomo-compromete-nuevo-cesfam-para-campanario-tras-incendio-que-afecto-a-recinto-de-salud","status":"publish","type":"post","link":"https:\/\/www.yungayino.cl\/noticias\/?p=25757","title":{"rendered":"Gobernador Cris\u00f3stomo compromete nuevo Cesfam para Campanario tras incendio que afect\u00f3 a recinto de salud"},"content":{"rendered":"<p><img loading=\"lazy\" decoding=\"async\" class=\"alignnone size-full wp-image-25758\" src=\"http:\/\/www.yungayino.cl\/noticias\/wp-content\/uploads\/2022\/02\/incendio-campanario.jpg\" alt=\"\" width=\"700\" height=\"341\" srcset=\"https:\/\/www.yungayino.cl\/noticias\/wp-content\/uploads\/2022\/02\/incendio-campanario.jpg 700w, https:\/\/www.yungayino.cl\/noticias\/wp-content\/uploads\/2022\/02\/incendio-campanario-300x146.jpg 300w, https:\/\/www.yungayino.cl\/noticias\/wp-content\/uploads\/2022\/02\/incendio-campanario-308x150.jpg 308w\" sizes=\"auto, (max-width: 700px) 100vw, 700px\" \/><\/p>\n<p style=\"font-weight: 400; text-align: justify;\">\u2022 Adem\u00e1s de anunciar el proceso de dise\u00f1o y ejecuci\u00f3n para una nueva infraestructura, tambi\u00e9n comprometi\u00f3 la adquisici\u00f3n de equipos modulares y, en conjunto con el Ej\u00e9rcito, la instalaci\u00f3n de carpas para garantizar la atenci\u00f3n. El incendio moviliz\u00f3 a la totalidad de las m\u00e1quinas del Cuerpo de Bomberos de Yungay.<\/p>\n<p style=\"font-weight: 400; text-align: justify;\">Yungay, 22 de febrero de 2022; \u201c<strong>Siempre el hecho de que un incendio consuma una edificaci\u00f3n p\u00fablica, sobre todo destinada a salud, es materia de una preocupaci\u00f3n por parte nuestra, por eso hemos querido venir inmediatamente<\/strong>\u201d, asegur\u00f3 el Gobernador Regional \u00d3scar Cris\u00f3stomo, quien se traslad\u00f3 durante la tarde de ayer hasta la comuna de Yungay, para constatar en terreno la situaci\u00f3n del incendio que consum\u00eda el Cesfam de Campanario y as\u00ed entregar soluciones r\u00e1pidas al personal de salud y vecinos afectados por esta emergencia.<\/p>\n<p style=\"font-weight: 400; text-align: justify;\">En el lugar, la m\u00e1xima autoridad se reuni\u00f3 con el alcalde, Rafael Cifuentes, quien le plante\u00f3 las necesidades m\u00e1s pr\u00f3ximas, las que fueron acogidas por el Gobernador Cris\u00f3stomo, el que, adem\u00e1s de comprometer medidas inmediatas como la instalaci\u00f3n de carpas con ayuda del Ej\u00e9rcito y compra de infraestructura modular para garantizar la atenci\u00f3n, tambi\u00e9n sum\u00f3 una mirada a largo plazo, al anunciar que desde el Gobierno Regional se iniciar\u00e1 el proceso para el dise\u00f1o y ejecuci\u00f3n de un nuevo Cesfam.<\/p>\n<p style=\"font-weight: 400; text-align: justify;\">Al respecto, el Gobernador \u00d3scar Cris\u00f3stomo expres\u00f3 que \u201c<strong>hemos podido ver c\u00f3mo este Cesfam que atiende a m\u00e1s de cinco mil personas del sector de Campanario fue fuertemente afectado por este incendio, por lo tanto, hemos determinando algunas medidas de manera urgente. Nos hemos coordinado con el Ej\u00e9rcito para que el d\u00eda martes (hoy) a primera hora pueda estar la instalaci\u00f3n de carpas que nos permitan seguir dando atenci\u00f3n m\u00e9dica a pacientes que no pueden seguir esperando\u201d<\/strong>. Agreg\u00f3 que \u201chemos ya coordinado con el alcalde la compra, la adquisici\u00f3n de equipos modulares, de infraestructura modular, para que se puedan instalar prontamente los equipos m\u00e9dicos, enfermer\u00eda y t\u00e9cnico para que as\u00ed las pr\u00f3ximas semanas empecemos a normalizar la situaci\u00f3n\u201d.<\/p>\n<p style=\"font-weight: 400; text-align: justify;\">Finalmente, anunci\u00f3 que \u201cdebido al incendio y a la infraestructura deficiente, o poco acorde a los tiempos y en la normativa, hemos decidido iniciar el proceso para el dise\u00f1o y la ejecuci\u00f3n de un Cesfam que responda a las nuevas necesidades que tiene el sector de Campanario. Por lo tanto, frente a una tragedia como esta queremos darle certeza a la comunidad que como Gobierno Regional en conjunto hemos ya decidido iniciar la puesta en marcha para que ellos puedan contar con un nuevo recinto\u201d.<\/p>\n<p style=\"font-weight: 400; text-align: justify;\"><strong><br \/>\n\u201cNos sentimos bastante apoyados\u201d<\/strong><\/p>\n<p style=\"font-weight: 400; text-align: justify;\">El alcalde de Yungay, Rafael Cifuentes, estuvo en el lugar con el Gobernador Regional, donde adem\u00e1s de conversar con los equipos desplegados para la emergencia, recorrieron el Cesfam afectado.<\/p>\n<p style=\"font-weight: 400; text-align: justify;\">El edil entreg\u00f3 detalles de la situaci\u00f3n en que qued\u00f3 el establecimiento de atenci\u00f3n: \u201cSe quemaron dos box, la bodega con insumos y el deterioro en el entretecho que el fuego arras\u00f3 con todo. Le doy las gracias al Gobernador por estar ac\u00e1 en el apoyo y con lo que viene m\u00e1s adelante, ojal\u00e1 con la reposici\u00f3n de este Cesfam, tener en lo m\u00e1s inmediato algunos recursos para a trav\u00e9s de la Circular 33 de poder contar con un container y despu\u00e9s el dise\u00f1o para poder hacer una reposici\u00f3n completa al Cesfam y mejorar lo que queda en lo que se pueda\u201d.<\/p>\n<p style=\"font-weight: 400; text-align: justify;\">Adem\u00e1s, el jefe comunal valor\u00f3 la colaboraci\u00f3n del Gobernador Cris\u00f3stomo y su pronto despliegue: \u201cNos sentimos bastante apoyados de parte del Gobernador, que esta ac\u00e1 en este momento con nosotros, y tambi\u00e9n, d\u00e1ndonos apoyo con los recursos que sean necesarios para poder ir mejorando y reponiendo y con algunas diligencias para que siga funcionando porque ac\u00e1 nosotros tenemos 5.200 usuarios, as\u00ed que es algo urgente\u201d.<\/p>\n<p style=\"font-weight: 400; text-align: justify;\">Finalmente, el Segundo Comandante del Cuerpo de Bomberos de Yungay, Rodolfo Llant\u00e9n, explic\u00f3 que el siniestro \u201cmoviliz\u00f3 a la totalidad de las m\u00e1quinas del Cuerpo de Bomberos con un aproximado de 30 voluntarios\u201d. Asimismo, se\u00f1al\u00f3 que es \u201cun incendio estructural que afect\u00f3 m\u00e1s o menos el 30% de las dependencias con fuego y agua y lamentablemente se vio afectado en un 100% el resto de establecimiento por humo y por da\u00f1os de gases calientes\u201d.<\/p>\n<p>&nbsp;<\/p>\n","protected":false},"excerpt":{"rendered":"<p>\u2022 Adem\u00e1s de anunciar el proceso de dise\u00f1o y ejecuci\u00f3n para una nueva infraestructura, tambi\u00e9n comprometi\u00f3 la adquisici\u00f3n de equipos modulares y, en conjunto con el Ej\u00e9rcito, la instalaci\u00f3n de carpas para garantizar la&#46;&#46;&#46;<\/p>\n","protected":false},"author":1,"featured_media":25758,"comment_status":"closed","ping_status":"open","sticky":false,"template":"","format":"standard","meta":{"footnotes":""},"categories":[1,1675],"tags":[786,2485,26,1478,2566,1365,8],"class_list":["post-25757","post","type-post","status-publish","format-standard","has-post-thumbnail","hentry","category-noticias","category-saludc","tag-cesfam-campanario","tag-gobernador-regional","tag-incendio","tag-municipalidad-de-yungay","tag-oscar-crisostomo","tag-rafael-cifuentes","tag-yungay"],"_links":{"self":[{"href":"https:\/\/www.yungayino.cl\/noticias\/index.php?rest_route=\/wp\/v2\/posts\/25757","targetHints":{"allow":["GET"]}}],"collection":[{"href":"https:\/\/www.yungayino.cl\/noticias\/index.php?rest_route=\/wp\/v2\/posts"}],"about":[{"href":"https:\/\/www.yungayino.cl\/noticias\/index.php?rest_route=\/wp\/v2\/types\/post"}],"author":[{"embeddable":true,"href":"https:\/\/www.yungayino.cl\/noticias\/index.php?rest_route=\/wp\/v2\/users\/1"}],"replies":[{"embeddable":true,"href":"https:\/\/www.yungayino.cl\/noticias\/index.php?rest_route=%2Fwp%2Fv2%2Fcomments&post=25757"}],"version-history":[{"count":2,"href":"https:\/\/www.yungayino.cl\/noticias\/index.php?rest_route=\/wp\/v2\/posts\/25757\/revisions"}],"predecessor-version":[{"id":25760,"href":"https:\/\/www.yungayino.cl\/noticias\/index.php?rest_route=\/wp\/v2\/posts\/25757\/revisions\/25760"}],"wp:featuredmedia":[{"embeddable":true,"href":"https:\/\/www.yungayino.cl\/noticias\/index.php?rest_route=\/wp\/v2\/media\/25758"}],"wp:attachment":[{"href":"https:\/\/www.yungayino.cl\/noticias\/index.php?rest_route=%2Fwp%2Fv2%2Fmedia&parent=25757"}],"wp:term":[{"taxonomy":"category","embeddable":true,"href":"https:\/\/www.yungayino.cl\/noticias\/index.php?rest_route=%2Fwp%2Fv2%2Fcategories&post=25757"},{"taxonomy":"post_tag","embeddable":true,"href":"https:\/\/www.yungayino.cl\/noticias\/index.php?rest_route=%2Fwp%2Fv2%2Ftags&post=25757"}],"curies":[{"name":"wp","href":"https:\/\/api.w.org\/{rel}","templated":true}]}}