{"id":25761,"date":"2022-02-23T15:35:12","date_gmt":"2022-02-23T18:35:12","guid":{"rendered":"https:\/\/www.yungayino.cl\/noticias\/?p=25761"},"modified":"2022-02-23T15:35:12","modified_gmt":"2022-02-23T18:35:12","slug":"municipio-junto-a-familias-del-comite-villa-republica-realiza-visita-a-casa-piloto","status":"publish","type":"post","link":"https:\/\/www.yungayino.cl\/noticias\/?p=25761","title":{"rendered":"Municipio junto a familias del Comit\u00e9 Villa Rep\u00fablica realiza visita a casa piloto"},"content":{"rendered":"<p><img loading=\"lazy\" decoding=\"async\" class=\"alignnone size-full wp-image-25762\" src=\"http:\/\/www.yungayino.cl\/noticias\/wp-content\/uploads\/2022\/02\/comite-republica.png\" alt=\"\" width=\"700\" height=\"340\" srcset=\"https:\/\/www.yungayino.cl\/noticias\/wp-content\/uploads\/2022\/02\/comite-republica.png 700w, https:\/\/www.yungayino.cl\/noticias\/wp-content\/uploads\/2022\/02\/comite-republica-300x146.png 300w, https:\/\/www.yungayino.cl\/noticias\/wp-content\/uploads\/2022\/02\/comite-republica-309x150.png 309w\" sizes=\"auto, (max-width: 700px) 100vw, 700px\" \/><\/p>\n<p style=\"text-align: justify;\"><strong>Yungay, 23 de febrero de 2022<\/strong>; Las familias del <strong>Comit\u00e9 Villa Rep\u00fablica<\/strong> ya conocen como ser\u00e1 su nuevo hogar, hoy se realiz\u00f3 la visita a la casa piloto, donde los vecinos y en representaci\u00f3n del alcalde el encargado de vivienda del municipio, Miguel Badilla, pudieron observar en terreno la materialidad de la vivienda, espacios, interior y exterior del cual ser\u00e1 su nuevo hogar.<\/p>\n<p style=\"text-align: justify;\">Los vecinos tuvieron la instancia para realizar diferentes preguntas a los representantes de la empresa, que son los responsables de realizar la visita guiada. Esto se enmarca dentro del proceso del plan de habilitaci\u00f3n social.<\/p>\n<p style=\"text-align: justify;\">Esta actividad toma relevancia al ser uno de los pasos previos a la entrega definitiva de las viviendas a los vecinos de Villa Rep\u00fablica.<\/p>\n<p>&nbsp;<\/p>\n","protected":false},"excerpt":{"rendered":"<p>Yungay, 23 de febrero de 2022; Las familias del Comit\u00e9 Villa Rep\u00fablica ya conocen como ser\u00e1 su nuevo hogar, hoy se realiz\u00f3 la visita a la casa piloto, donde los vecinos y en representaci\u00f3n&#46;&#46;&#46;<\/p>\n","protected":false},"author":1,"featured_media":25762,"comment_status":"closed","ping_status":"open","sticky":false,"template":"","format":"standard","meta":{"footnotes":""},"categories":[1,2567],"tags":[2570,2568,1478,2569,8],"class_list":["post-25761","post","type-post","status-publish","format-standard","has-post-thumbnail","hentry","category-noticias","category-social","tag-casa-piloto","tag-comite-villa-republica","tag-municipalidad-de-yungay","tag-social","tag-yungay"],"_links":{"self":[{"href":"https:\/\/www.yungayino.cl\/noticias\/index.php?rest_route=\/wp\/v2\/posts\/25761","targetHints":{"allow":["GET"]}}],"collection":[{"href":"https:\/\/www.yungayino.cl\/noticias\/index.php?rest_route=\/wp\/v2\/posts"}],"about":[{"href":"https:\/\/www.yungayino.cl\/noticias\/index.php?rest_route=\/wp\/v2\/types\/post"}],"author":[{"embeddable":true,"href":"https:\/\/www.yungayino.cl\/noticias\/index.php?rest_route=\/wp\/v2\/users\/1"}],"replies":[{"embeddable":true,"href":"https:\/\/www.yungayino.cl\/noticias\/index.php?rest_route=%2Fwp%2Fv2%2Fcomments&post=25761"}],"version-history":[{"count":1,"href":"https:\/\/www.yungayino.cl\/noticias\/index.php?rest_route=\/wp\/v2\/posts\/25761\/revisions"}],"predecessor-version":[{"id":25763,"href":"https:\/\/www.yungayino.cl\/noticias\/index.php?rest_route=\/wp\/v2\/posts\/25761\/revisions\/25763"}],"wp:featuredmedia":[{"embeddable":true,"href":"https:\/\/www.yungayino.cl\/noticias\/index.php?rest_route=\/wp\/v2\/media\/25762"}],"wp:attachment":[{"href":"https:\/\/www.yungayino.cl\/noticias\/index.php?rest_route=%2Fwp%2Fv2%2Fmedia&parent=25761"}],"wp:term":[{"taxonomy":"category","embeddable":true,"href":"https:\/\/www.yungayino.cl\/noticias\/index.php?rest_route=%2Fwp%2Fv2%2Fcategories&post=25761"},{"taxonomy":"post_tag","embeddable":true,"href":"https:\/\/www.yungayino.cl\/noticias\/index.php?rest_route=%2Fwp%2Fv2%2Ftags&post=25761"}],"curies":[{"name":"wp","href":"https:\/\/api.w.org\/{rel}","templated":true}]}}