{"id":25764,"date":"2022-02-23T14:35:26","date_gmt":"2022-02-23T17:35:26","guid":{"rendered":"https:\/\/www.yungayino.cl\/noticias\/?p=25764"},"modified":"2022-02-23T15:46:23","modified_gmt":"2022-02-23T18:46:23","slug":"yungay-se-prepara-para-la-vuelta-a-clases","status":"publish","type":"post","link":"https:\/\/www.yungayino.cl\/noticias\/?p=25764","title":{"rendered":"Yungay se prepara para la vuelta a clases"},"content":{"rendered":"<p><img loading=\"lazy\" decoding=\"async\" class=\"alignnone size-full wp-image-25765\" src=\"http:\/\/www.yungayino.cl\/noticias\/wp-content\/uploads\/2022\/02\/clases-presenciales.png\" alt=\"\" width=\"700\" height=\"340\" srcset=\"https:\/\/www.yungayino.cl\/noticias\/wp-content\/uploads\/2022\/02\/clases-presenciales.png 700w, https:\/\/www.yungayino.cl\/noticias\/wp-content\/uploads\/2022\/02\/clases-presenciales-300x146.png 300w, https:\/\/www.yungayino.cl\/noticias\/wp-content\/uploads\/2022\/02\/clases-presenciales-309x150.png 309w\" sizes=\"auto, (max-width: 700px) 100vw, 700px\" \/><\/p>\n<p style=\"text-align: justify;\"><strong>Yungay, 23 de febrero de 2022<\/strong>; A pesar de las gestiones realizadas por la autoridad comunal con el Ministerio de Educaci\u00f3n para reconsiderar la, hasta ahora, obligaci\u00f3n de una vuelta a clases 100% presenciales, nuestros colegios se preparan para recibir a nuestros alumnos y cuerpo docente.<\/p>\n<p style=\"text-align: justify;\">Es por ello que el d\u00eda de hoy, recorrieron los establecimientos educacionales el director del Departamento de Educaci\u00f3n Sr. David Mart\u00ednez, Prevencionista Srta. Valeria Gangas y el Director Jur\u00eddico de la Municipalidad de Yungay Sr. Cristopher Reyes en representaci\u00f3n de nuestra primera autoridad comunal el Alcalde Rafael Cifuentes Rodr\u00edguez, los cuales verificaron en terreno la adquisici\u00f3n de materiales y elementos de protecci\u00f3n personal.<\/p>\n<p style=\"text-align: justify;\">\u201c<strong>Si bien desde el primer d\u00eda hemos sido claros en se\u00f1alar que para esta administraci\u00f3n lo primordial es la salud de nuestros alumnos y personal educativo, hoy nos vemos obligados por el gobierno central a una vuelta a clases completamente presencial, por la cual la instrucci\u00f3n del Alcalde Rafael Cifuentes ha sido agotar los medios y recursos necesarios para brindarle una tranquilidad absoluta a nuestra comunidad educativa, en el recorrido el director jur\u00eddico de la municipalidad se\u00f1alo \u201cque nuestros establecimientos van a cumplir al pie de la letra el protocolo covid-19 instruido por el Mineduc<\/strong>\u201d.<\/p>\n<p style=\"text-align: justify;\">Por su parte El Director DAEM, David Mart\u00ednez indic\u00f3 que \u201c<strong>para nosotros como Municipalidad y Departamento de Educaci\u00f3n lo m\u00e1s importante es la salud de nuestros estudiantes, docentes y funcionarios en general, por lo tanto hemos hecho una fuerte inversi\u00f3n en las medidas de higiene y seguridad que corresponden aplicar en este retorno masivo a clases a partir del mi\u00e9rcoles 2 de marzo<\/strong>\u201d.<\/p>\n<p style=\"text-align: justify;\">Por todo lo anterior el llamado es a concurrir con tranquilidad a nuestros establecimientos educacionales pues est\u00e1n tomadas todas las medidas para el cuidado de nuestra querida comunidad educativa.<\/p>\n","protected":false},"excerpt":{"rendered":"<p>Yungay, 23 de febrero de 2022; A pesar de las gestiones realizadas por la autoridad comunal con el Ministerio de Educaci\u00f3n para reconsiderar la, hasta ahora, obligaci\u00f3n de una vuelta a clases 100% presenciales,&#46;&#46;&#46;<\/p>\n","protected":false},"author":1,"featured_media":25765,"comment_status":"closed","ping_status":"closed","sticky":false,"template":"","format":"standard","meta":{"footnotes":""},"categories":[2571,1],"tags":[876,2573,2572,1478,8],"class_list":["post-25764","post","type-post","status-publish","format-standard","has-post-thumbnail","hentry","category-educacion-2","category-noticias","tag-ano-escolar","tag-daem-yungay","tag-inicio-clases","tag-municipalidad-de-yungay","tag-yungay"],"_links":{"self":[{"href":"https:\/\/www.yungayino.cl\/noticias\/index.php?rest_route=\/wp\/v2\/posts\/25764","targetHints":{"allow":["GET"]}}],"collection":[{"href":"https:\/\/www.yungayino.cl\/noticias\/index.php?rest_route=\/wp\/v2\/posts"}],"about":[{"href":"https:\/\/www.yungayino.cl\/noticias\/index.php?rest_route=\/wp\/v2\/types\/post"}],"author":[{"embeddable":true,"href":"https:\/\/www.yungayino.cl\/noticias\/index.php?rest_route=\/wp\/v2\/users\/1"}],"replies":[{"embeddable":true,"href":"https:\/\/www.yungayino.cl\/noticias\/index.php?rest_route=%2Fwp%2Fv2%2Fcomments&post=25764"}],"version-history":[{"count":1,"href":"https:\/\/www.yungayino.cl\/noticias\/index.php?rest_route=\/wp\/v2\/posts\/25764\/revisions"}],"predecessor-version":[{"id":25766,"href":"https:\/\/www.yungayino.cl\/noticias\/index.php?rest_route=\/wp\/v2\/posts\/25764\/revisions\/25766"}],"wp:featuredmedia":[{"embeddable":true,"href":"https:\/\/www.yungayino.cl\/noticias\/index.php?rest_route=\/wp\/v2\/media\/25765"}],"wp:attachment":[{"href":"https:\/\/www.yungayino.cl\/noticias\/index.php?rest_route=%2Fwp%2Fv2%2Fmedia&parent=25764"}],"wp:term":[{"taxonomy":"category","embeddable":true,"href":"https:\/\/www.yungayino.cl\/noticias\/index.php?rest_route=%2Fwp%2Fv2%2Fcategories&post=25764"},{"taxonomy":"post_tag","embeddable":true,"href":"https:\/\/www.yungayino.cl\/noticias\/index.php?rest_route=%2Fwp%2Fv2%2Ftags&post=25764"}],"curies":[{"name":"wp","href":"https:\/\/api.w.org\/{rel}","templated":true}]}}