{"id":25777,"date":"2022-02-28T18:00:26","date_gmt":"2022-02-28T21:00:26","guid":{"rendered":"http:\/\/www.yungayino.cl\/noticias\/?p=25777"},"modified":"2022-02-28T18:19:51","modified_gmt":"2022-02-28T21:19:51","slug":"nueva-alza-de-hospitalizaciones-por-covid-19-se-registro-en-nuble","status":"publish","type":"post","link":"https:\/\/www.yungayino.cl\/noticias\/?p=25777","title":{"rendered":"Nueva Alza de Hospitalizaciones por Covid-19 se Registr\u00f3 en \u00d1uble"},"content":{"rendered":"<p><img loading=\"lazy\" decoding=\"async\" class=\"alignnone size-full wp-image-25778\" src=\"http:\/\/www.yungayino.cl\/noticias\/wp-content\/uploads\/2022\/02\/hospitalizados-1.jpg\" alt=\"\" width=\"700\" height=\"350\" srcset=\"https:\/\/www.yungayino.cl\/noticias\/wp-content\/uploads\/2022\/02\/hospitalizados-1.jpg 700w, https:\/\/www.yungayino.cl\/noticias\/wp-content\/uploads\/2022\/02\/hospitalizados-1-300x150.jpg 300w\" sizes=\"auto, (max-width: 700px) 100vw, 700px\" \/><\/p>\n<p style=\"text-align: justify;\">\u00d1uble, febrero 2022: Pacientes con coronavirus incidental mantienen influencia en el total de internaciones en la Regi\u00f3n. Si bien la red asistencial se encuentra reforzada, el principal llamado es a continuar con las medidas de autocuidado.<\/p>\n<p style=\"text-align: justify;\">En una jornada donde los nuevos contagios bajaron de los mil, con 987 casos, la alerta de las autoridades del Servicio de Salud \u00d1uble (SS\u00d1) y de la Red Asistencia en general se concentra en la constante alza en las hospitalizaciones, la que hoy reflej\u00f3 11 nuevos pacientes ingresados a un recinto hospitalario por complicaciones por Covid-19, en las \u00faltimas 24 horas.<\/p>\n<p style=\"text-align: justify;\">\u201cComenzamos la semana con una leve disminuci\u00f3n en el total de casos notificados de Covid positivo en la Regi\u00f3n, sin embargo, preocupa el aumento en las hospitalizaciones, las que hoy alcanzaron los 187 usuarios, con 37 internados en Unidad de Paciente Cr\u00edtico y 16 conectados a ventilaci\u00f3n mec\u00e1nica. Una nueva cifra hist\u00f3rica que mantiene a nuestros equipos concentrados y dando su 100% para asegurar la atenci\u00f3n oportuna de todas y todos\u201d, destac\u00f3 el Director del Servicio de Salud \u00d1uble, Ricardo S\u00e1nchez Opazo.<\/p>\n<p style=\"text-align: justify;\">Un aumento que tambi\u00e9n se explica por el fen\u00f3meno que los profesionales de la salud llaman Covid Incidental, refiri\u00e9ndose a aquellos pacientes que son hospitalizados por otra causa, pero que, una vez hechos los ex\u00e1menes de ingreso al establecimiento, obtienen un resultado positivo de su PCR, generando una dificultad adicional en el funcionamiento de los centros de salud.<\/p>\n<p style=\"text-align: justify;\">\u201cEn la Regi\u00f3n estamos viviendo una alta carga viral, con un alto n\u00famero de casos nuevos, por ello tenemos un mayor n\u00famero de personas que se est\u00e1 ingresando a hospitalizar d\u00eda a d\u00eda. Tenemos un grupo de personas que son las que se hospitalizan por s\u00edntomas respiratorios, pero tambi\u00e9n nosotros testeamos a todas las personas que se hospitalizan por distintas causas en el Hospital y de esas personas hay un n\u00famero importante que est\u00e1 saliendo con sus resultados de PCR positiva, lo que nos lleva a un aumento de personas hospitalizadas con Covid, esto aparece en las \u00e1reas que no son respiratorias, es por ello que tenemos d\u00eda a d\u00eda un mayor n\u00famero de hospitalizados \u201d, se\u00f1al\u00f3 el Subdirector de Gesti\u00f3n Asistencial SS\u00d1, Dr. Max Besser Valenzuela.<\/p>\n<p style=\"text-align: justify;\">Refuerzo de las medidas de prevenci\u00f3n<\/p>\n<p style=\"text-align: justify;\">Enfrentar esta etapa de alta contagiosidad es una tarea de todos, por ello el Director del SS\u00d1, reitera el llamado a la prevenci\u00f3n, indicando que \u201ces importante que mantengamos las medidas de autocuidado con el uso de mascarilla, lavado frecuente de manos y distanciamiento f\u00edsico, adem\u00e1s de respetar los aforos y evitar situaciones de riesgo innecesarias. De esta manera contribuiremos a disminuir las cifras y que la curva prontamente vaya a la baja\u201d.<\/p>\n<p style=\"text-align: justify;\">Jornada en la que se report\u00f3 un 37,50% de positividad, indicando adem\u00e1s que \u00d1uble llega a un total de 5.295 casos activos.<\/p>\n","protected":false},"excerpt":{"rendered":"<p>\u00d1uble, febrero 2022: Pacientes con coronavirus incidental mantienen influencia en el total de internaciones en la Regi\u00f3n. Si bien la red asistencial se encuentra reforzada, el principal llamado es a continuar con las medidas&#46;&#46;&#46;<\/p>\n","protected":false},"author":2,"featured_media":25778,"comment_status":"closed","ping_status":"open","sticky":false,"template":"","format":"standard","meta":{"footnotes":""},"categories":[1,1676],"tags":[2443,1115,65,8,6,117],"class_list":["post-25777","post","type-post","status-publish","format-standard","has-post-thumbnail","hentry","category-noticias","category-salud","tag-covid","tag-noticias","tag-salud","tag-yungay","tag-yungayino","tag-yungayinocl"],"_links":{"self":[{"href":"https:\/\/www.yungayino.cl\/noticias\/index.php?rest_route=\/wp\/v2\/posts\/25777","targetHints":{"allow":["GET"]}}],"collection":[{"href":"https:\/\/www.yungayino.cl\/noticias\/index.php?rest_route=\/wp\/v2\/posts"}],"about":[{"href":"https:\/\/www.yungayino.cl\/noticias\/index.php?rest_route=\/wp\/v2\/types\/post"}],"author":[{"embeddable":true,"href":"https:\/\/www.yungayino.cl\/noticias\/index.php?rest_route=\/wp\/v2\/users\/2"}],"replies":[{"embeddable":true,"href":"https:\/\/www.yungayino.cl\/noticias\/index.php?rest_route=%2Fwp%2Fv2%2Fcomments&post=25777"}],"version-history":[{"count":2,"href":"https:\/\/www.yungayino.cl\/noticias\/index.php?rest_route=\/wp\/v2\/posts\/25777\/revisions"}],"predecessor-version":[{"id":25780,"href":"https:\/\/www.yungayino.cl\/noticias\/index.php?rest_route=\/wp\/v2\/posts\/25777\/revisions\/25780"}],"wp:featuredmedia":[{"embeddable":true,"href":"https:\/\/www.yungayino.cl\/noticias\/index.php?rest_route=\/wp\/v2\/media\/25778"}],"wp:attachment":[{"href":"https:\/\/www.yungayino.cl\/noticias\/index.php?rest_route=%2Fwp%2Fv2%2Fmedia&parent=25777"}],"wp:term":[{"taxonomy":"category","embeddable":true,"href":"https:\/\/www.yungayino.cl\/noticias\/index.php?rest_route=%2Fwp%2Fv2%2Fcategories&post=25777"},{"taxonomy":"post_tag","embeddable":true,"href":"https:\/\/www.yungayino.cl\/noticias\/index.php?rest_route=%2Fwp%2Fv2%2Ftags&post=25777"}],"curies":[{"name":"wp","href":"https:\/\/api.w.org\/{rel}","templated":true}]}}