{"id":25781,"date":"2022-03-01T20:00:02","date_gmt":"2022-03-01T23:00:02","guid":{"rendered":"http:\/\/www.yungayino.cl\/noticias\/?p=25781"},"modified":"2022-03-01T22:08:06","modified_gmt":"2022-03-02T01:08:06","slug":"nuble-registra-leve-disminucion-de-contagios-pero-marca-cifra-historica-de-hospitalizados-por-covid-19","status":"publish","type":"post","link":"https:\/\/www.yungayino.cl\/noticias\/?p=25781","title":{"rendered":"\u00d1uble Registra Leve Disminuci\u00f3n de Contagios, Pero Marca Cifra Hist\u00f3rica de Hospitalizados por Covid-19"},"content":{"rendered":"<p><img loading=\"lazy\" decoding=\"async\" class=\"alignnone size-full wp-image-25782\" src=\"http:\/\/www.yungayino.cl\/noticias\/wp-content\/uploads\/2022\/03\/HSC-hospitalizaciones.jpg\" alt=\"\" width=\"700\" height=\"350\" srcset=\"https:\/\/www.yungayino.cl\/noticias\/wp-content\/uploads\/2022\/03\/HSC-hospitalizaciones.jpg 700w, https:\/\/www.yungayino.cl\/noticias\/wp-content\/uploads\/2022\/03\/HSC-hospitalizaciones-300x150.jpg 300w\" sizes=\"auto, (max-width: 700px) 100vw, 700px\" \/><\/p>\n<p style=\"text-align: justify;\">\u00d1uble, marzo 2022: Un leve descenso en los casos nuevos se ha registrado en los \u00faltimos 5 d\u00edas, sin embargo, las personas internadas en la Regi\u00f3n siguen en aumento, reflejando el desfase que se genera entre el peak de contagios y el impacto en la red asistencial.<\/p>\n<p style=\"text-align: justify;\">Tras semanas de altas cifras en los casos positivos de Covid-19, la regi\u00f3n presenta una leve disminuci\u00f3n en los nuevos contagios; marcando un promedio de 300 casos menos diarios en los \u00faltimos cinco d\u00edas. Tendencia positiva que se contrasta con el aumento de hospitalizaciones, la que se explicar\u00eda principalmente al desfase entre el peak de contagios, registrado el pasado 24 de febrero, y el impacto que posteriormente tiene en la Red Asistencial.<\/p>\n<p style=\"text-align: justify;\">\u201cDurante d\u00edas nuestra regi\u00f3n ha registrado cifras elevadas, ya sea en los casos nuevos, o en las hospitalizaciones; debido a la alta circulaci\u00f3n de virus en nuestra zona. Si bien hoy se informa un r\u00e9cord, llegando a las 195 internaciones producto del Covid-19, tambi\u00e9n el reporte indica una leve disminuci\u00f3n de casos positivos, los que alcanzaron a los 674 contagios en las \u00faltimas 24 horas\u201d, detall\u00f3 el Director del Servicio de Salud \u00d1uble (SS\u00d1), Ricardo S\u00e1nchez.<\/p>\n<p style=\"text-align: justify;\">La autoridad explic\u00f3 que \u201cestos n\u00fameros, reafirman lo que hemos dicho en reiteradas ocasiones; a mayor cantidad de contagios; m\u00e1s personas requerir\u00e1n de cuidados en uno de los recintos asistenciales de \u00d1uble y hoy estamos viendo reflejados los peaks de contagios que tuvimos d\u00edas atr\u00e1s, superando incluso la barrera de los dos mil\u201d.<\/p>\n<p style=\"text-align: justify;\">Por lo anterior, la situaci\u00f3n actual de la red mantiene alerta a las autoridades del SS\u00d1, quienes hace algunos d\u00edas advirtieron que estos r\u00e9cords en nuevos contagios y casos activos generar\u00edan una mayor demanda en la red de salud.<\/p>\n<p style=\"text-align: justify;\">\u201cActualmente estamos pasando por un complejo momento en nuestros recintos de asistenciales, por lo que el llamado a la ciudadan\u00eda es a no relajarse con esta leve disminuci\u00f3n de nuevos casos informados, manteniendo las medidas de prevenci\u00f3n, ya que es fundamental que esa curva vaya en descenso para que, en las pr\u00f3ximas semanas tambi\u00e9n sean menos las personas que requieren estar internadas en un centro de salud para su recuperaci\u00f3n\u201d, destac\u00f3 el Subdirector de Gesti\u00f3n Asistencial del SS\u00d1, Dr. Max Besser Valenzuela.<\/p>\n<p style=\"text-align: justify;\">\u201cRecordemos que contin\u00faan falleciendo personas a causa del coronavirus, por lo, independiente de que algunos cursen el cuadro de forma leve, debemos seguir siendo emp\u00e1ticos manteniendo el autocuidado, sobre todo porque sabemos que esta patolog\u00eda puede significar la muerte de un ser querido\u201d, recalc\u00f3 el especialista.<\/p>\n<p style=\"text-align: justify;\">Durante la jornada se registr\u00f3 un total de 41 usuarios internados en Unidad de Paciente Cr\u00edtico, de los cuales 20 se encuentran conectados a ventilaci\u00f3n mec\u00e1nica, entendiendo adem\u00e1s que el 75% de los pacientes que se encuentran en una UCI son mayores de 60 a\u00f1os, y mayoritariamente no se encuentran con su esquema de vacunaci\u00f3n completo.<\/p>\n","protected":false},"excerpt":{"rendered":"<p>\u00d1uble, marzo 2022: Un leve descenso en los casos nuevos se ha registrado en los \u00faltimos 5 d\u00edas, sin embargo, las personas internadas en la Regi\u00f3n siguen en aumento, reflejando el desfase que se&#46;&#46;&#46;<\/p>\n","protected":false},"author":2,"featured_media":25782,"comment_status":"closed","ping_status":"open","sticky":false,"template":"","format":"standard","meta":{"footnotes":""},"categories":[1,1676],"tags":[1115,1678,65,8,6,117],"class_list":["post-25781","post","type-post","status-publish","format-standard","has-post-thumbnail","hentry","category-noticias","category-salud","tag-noticias","tag-nuble","tag-salud","tag-yungay","tag-yungayino","tag-yungayinocl"],"_links":{"self":[{"href":"https:\/\/www.yungayino.cl\/noticias\/index.php?rest_route=\/wp\/v2\/posts\/25781","targetHints":{"allow":["GET"]}}],"collection":[{"href":"https:\/\/www.yungayino.cl\/noticias\/index.php?rest_route=\/wp\/v2\/posts"}],"about":[{"href":"https:\/\/www.yungayino.cl\/noticias\/index.php?rest_route=\/wp\/v2\/types\/post"}],"author":[{"embeddable":true,"href":"https:\/\/www.yungayino.cl\/noticias\/index.php?rest_route=\/wp\/v2\/users\/2"}],"replies":[{"embeddable":true,"href":"https:\/\/www.yungayino.cl\/noticias\/index.php?rest_route=%2Fwp%2Fv2%2Fcomments&post=25781"}],"version-history":[{"count":1,"href":"https:\/\/www.yungayino.cl\/noticias\/index.php?rest_route=\/wp\/v2\/posts\/25781\/revisions"}],"predecessor-version":[{"id":25783,"href":"https:\/\/www.yungayino.cl\/noticias\/index.php?rest_route=\/wp\/v2\/posts\/25781\/revisions\/25783"}],"wp:featuredmedia":[{"embeddable":true,"href":"https:\/\/www.yungayino.cl\/noticias\/index.php?rest_route=\/wp\/v2\/media\/25782"}],"wp:attachment":[{"href":"https:\/\/www.yungayino.cl\/noticias\/index.php?rest_route=%2Fwp%2Fv2%2Fmedia&parent=25781"}],"wp:term":[{"taxonomy":"category","embeddable":true,"href":"https:\/\/www.yungayino.cl\/noticias\/index.php?rest_route=%2Fwp%2Fv2%2Fcategories&post=25781"},{"taxonomy":"post_tag","embeddable":true,"href":"https:\/\/www.yungayino.cl\/noticias\/index.php?rest_route=%2Fwp%2Fv2%2Ftags&post=25781"}],"curies":[{"name":"wp","href":"https:\/\/api.w.org\/{rel}","templated":true}]}}