{"id":25811,"date":"2022-03-08T12:00:45","date_gmt":"2022-03-08T15:00:45","guid":{"rendered":"http:\/\/www.yungayino.cl\/noticias\/?p=25811"},"modified":"2022-03-08T13:57:24","modified_gmt":"2022-03-08T16:57:24","slug":"mayores-de-18-anos-comenzaron-a-recibir-su-cuarta-dosis-de-vacuna-contra-el-covid-19-en-nuble","status":"publish","type":"post","link":"https:\/\/www.yungayino.cl\/noticias\/?p=25811","title":{"rendered":"Mayores de 18 A\u00f1os Comenzaron a Recibir su Cuarta Dosis de Vacuna Contra el Covid-19 en \u00d1uble"},"content":{"rendered":"<p><img loading=\"lazy\" decoding=\"async\" class=\"alignnone size-full wp-image-25812\" src=\"http:\/\/www.yungayino.cl\/noticias\/wp-content\/uploads\/2022\/03\/vacunacion.jpg\" alt=\"\" width=\"700\" height=\"350\" srcset=\"https:\/\/www.yungayino.cl\/noticias\/wp-content\/uploads\/2022\/03\/vacunacion.jpg 700w, https:\/\/www.yungayino.cl\/noticias\/wp-content\/uploads\/2022\/03\/vacunacion-300x150.jpg 300w\" sizes=\"auto, (max-width: 700px) 100vw, 700px\" \/><\/p>\n<p style=\"text-align: justify;\">\u00d1uble, marzo 2022: Ayer lunes 7 de marzo se inici\u00f3 el proceso de inoculaci\u00f3n, con una nueva dosis de refuerzo para las personas mayores de 18 a\u00f1os, que hayan recibido su tercera dosis o la vacunaci\u00f3n de refuerzo hasta el 12 de septiembre de 2021.<\/p>\n<p style=\"text-align: justify;\">Est\u00e1 comprobado que la vacunaci\u00f3n es una de las principales herramientas para enfrentar el Covid-19, permitiendo reducir los riesgos de presentar un cuadro grave producto de la enfermedad. En esa l\u00ednea, ayer lunes 7 de marzo se dio el vamos a una nueva etapa del proceso de inoculaci\u00f3n en el pa\u00eds, referente a la cuarta dosis o segunda dosis de refuerzo, dando paso al suministro de la vacuna para las y los mayores de 18 a\u00f1os.<\/p>\n<p style=\"text-align: justify;\">Esta semana est\u00e1 contemplado avanzar en la cobertura de quienes hayan recibido su tercera dosis, hasta el pasado 12 de septiembre de 2021, fecha que ir\u00e1 avanzando de acuerdo con lo informado por el Ministerio de Salud. \u201cSabemos que la vacunaci\u00f3n es muy importante para hacer frente a la pandemia, por ello, es de vital importancia que la comunidad se informe de la etapa en la que se encuentra este proceso en nuestro pa\u00eds y la fecha en la cual le corresponde recibir esta nueva dosis. Como Servicio tenemos desplegados distintos puntos de vacunaci\u00f3n a los que se pueden acercar y as\u00ed completar su esquema, lo que les permitir\u00e1 estar m\u00e1s protegidos en caso de contraer el virus\u201d, enfatiz\u00f3 el Director del Servicio de Salud \u00d1uble (SS\u00d1), Ricardo S\u00e1nchez Opazo.<\/p>\n<p style=\"text-align: justify;\">\u201cEn nuestra regi\u00f3n alcanzamos el 98,5% de cobertura de vacunaci\u00f3n y a un 77,8% respecto de la dosis refuerzo (3\u00b0 dosis), cifras que nos hacen reiterar el llamado desde la Red, a aquellos rezagados, para que acudan al punto de inoculaci\u00f3n m\u00e1s cercano, y a quienes les corresponde ser parte de esta nueva etapa con su segunda dosis de refuerzo. Recordemos que m\u00e1s del 50% de los pacientes que actualmente se encuentran internados en alguna UCI, no cuenta con su esquema de vacunaci\u00f3n completo, reflejando que, con esto, adem\u00e1s de protegernos, estamos siendo responsables con quienes nos rodean\u201d, destac\u00f3 el Subdirector de Gesti\u00f3n Asistencial del SS\u00d1, Dr. Max Besser Valenzuela.<\/p>\n<p style=\"text-align: justify;\">Estado de la Red Asistencial<\/p>\n<p style=\"text-align: justify;\">Una jornada en la cual la positividad alcanz\u00f3 el 31,86%, registr\u00e1ndose un total de 819 nuevos contagios, llegando a los 4.268 casos activos de coronavirus. Adem\u00e1s, se inform\u00f3 de 159 pacientes hospitalizados por alguna complicaci\u00f3n producto del Covid-19, de los cuales 39 se encuentran en Unidad de Paciente Cr\u00edtico y 18 conectados a ventilaci\u00f3n mec\u00e1nica.<\/p>\n<p style=\"text-align: justify;\">Asimismo, desde el MINSAL, se dieron a conocer cambios en el Plan Paso a Paso, indicando que, en \u00d1uble, avanzan a fase de preparaci\u00f3n, desde este mi\u00e9rcoles 9 de marzo, a las 5:00 AM, las comunas de Chill\u00e1n, Chill\u00e1n Viejo, Ninhue, San Ignacio, Trehuaco y Bulnes.<\/p>\n","protected":false},"excerpt":{"rendered":"<p>\u00d1uble, marzo 2022: Ayer lunes 7 de marzo se inici\u00f3 el proceso de inoculaci\u00f3n, con una nueva dosis de refuerzo para las personas mayores de 18 a\u00f1os, que hayan recibido su tercera dosis o&#46;&#46;&#46;<\/p>\n","protected":false},"author":2,"featured_media":25812,"comment_status":"closed","ping_status":"open","sticky":false,"template":"","format":"standard","meta":{"footnotes":""},"categories":[1,1675],"tags":[1115,1678,65,8,6,117],"class_list":["post-25811","post","type-post","status-publish","format-standard","has-post-thumbnail","hentry","category-noticias","category-saludc","tag-noticias","tag-nuble","tag-salud","tag-yungay","tag-yungayino","tag-yungayinocl"],"_links":{"self":[{"href":"https:\/\/www.yungayino.cl\/noticias\/index.php?rest_route=\/wp\/v2\/posts\/25811","targetHints":{"allow":["GET"]}}],"collection":[{"href":"https:\/\/www.yungayino.cl\/noticias\/index.php?rest_route=\/wp\/v2\/posts"}],"about":[{"href":"https:\/\/www.yungayino.cl\/noticias\/index.php?rest_route=\/wp\/v2\/types\/post"}],"author":[{"embeddable":true,"href":"https:\/\/www.yungayino.cl\/noticias\/index.php?rest_route=\/wp\/v2\/users\/2"}],"replies":[{"embeddable":true,"href":"https:\/\/www.yungayino.cl\/noticias\/index.php?rest_route=%2Fwp%2Fv2%2Fcomments&post=25811"}],"version-history":[{"count":2,"href":"https:\/\/www.yungayino.cl\/noticias\/index.php?rest_route=\/wp\/v2\/posts\/25811\/revisions"}],"predecessor-version":[{"id":25814,"href":"https:\/\/www.yungayino.cl\/noticias\/index.php?rest_route=\/wp\/v2\/posts\/25811\/revisions\/25814"}],"wp:featuredmedia":[{"embeddable":true,"href":"https:\/\/www.yungayino.cl\/noticias\/index.php?rest_route=\/wp\/v2\/media\/25812"}],"wp:attachment":[{"href":"https:\/\/www.yungayino.cl\/noticias\/index.php?rest_route=%2Fwp%2Fv2%2Fmedia&parent=25811"}],"wp:term":[{"taxonomy":"category","embeddable":true,"href":"https:\/\/www.yungayino.cl\/noticias\/index.php?rest_route=%2Fwp%2Fv2%2Fcategories&post=25811"},{"taxonomy":"post_tag","embeddable":true,"href":"https:\/\/www.yungayino.cl\/noticias\/index.php?rest_route=%2Fwp%2Fv2%2Ftags&post=25811"}],"curies":[{"name":"wp","href":"https:\/\/api.w.org\/{rel}","templated":true}]}}