{"id":25815,"date":"2022-03-09T07:00:23","date_gmt":"2022-03-09T10:00:23","guid":{"rendered":"http:\/\/www.yungayino.cl\/noticias\/?p=25815"},"modified":"2022-03-08T14:03:25","modified_gmt":"2022-03-08T17:03:25","slug":"aprobacion-historica-del-consejo-regional-permitira-crear-la-primera-carrera-de-medicina-en-nuble","status":"publish","type":"post","link":"https:\/\/www.yungayino.cl\/noticias\/?p=25815","title":{"rendered":"Aprobaci\u00f3n Hist\u00f3rica del Consejo Regional Permitir\u00e1 Crear la Primera Carrera de Medicina en \u00d1uble"},"content":{"rendered":"<p><img loading=\"lazy\" decoding=\"async\" class=\"alignnone size-full wp-image-25816\" src=\"http:\/\/www.yungayino.cl\/noticias\/wp-content\/uploads\/2022\/03\/carrera-medicina.jpg\" alt=\"\" width=\"700\" height=\"375\" srcset=\"https:\/\/www.yungayino.cl\/noticias\/wp-content\/uploads\/2022\/03\/carrera-medicina.jpg 700w, https:\/\/www.yungayino.cl\/noticias\/wp-content\/uploads\/2022\/03\/carrera-medicina-300x161.jpg 300w, https:\/\/www.yungayino.cl\/noticias\/wp-content\/uploads\/2022\/03\/carrera-medicina-280x150.jpg 280w\" sizes=\"auto, (max-width: 700px) 100vw, 700px\" \/><\/p>\n<p style=\"text-align: justify;\">\u00d1uble, marzo 2022: Se dio luz verde al proyecto por un total de $ 14 mil millones que adem\u00e1s incorpora la carrera de Qu\u00edmica y Farmacia. Ambas ser\u00e1n dictadas por la Universidad del B\u00edo- B\u00edo.<\/p>\n<p style=\"text-align: justify;\">El convenio de colaboraci\u00f3n se suma a los avances concretados en el Centro Telet\u00f3n y las pretensiones del Centro Onc\u00f3logico que ha liderado el Gobierno Regional.<\/p>\n<p style=\"text-align: justify;\">\u00d1uble tendr\u00e1 por primera vez en su historia la tan anhelada carrera de Medicina. As\u00ed lo confirm\u00f3 el Consejo Regional de \u00d1uble tras aprobar esta tarde en sesi\u00f3n extraordinaria n\u00b023 el proyecto que contempla impartir en la Universidad del B\u00edo B\u00edo esta carrera, adem\u00e1s de la de Qu\u00edmica y Farmacia, con el apoyo financiero del Gobierno Regional de \u00d1uble. Ser\u00e1n $14 mil millones de inversi\u00f3n en un convenio de colaboraci\u00f3n que tendr\u00e1 una vigencia de seis a\u00f1os de los cuales $10 mil millones ser\u00e1n aportados por el Gobierno Regional.<\/p>\n<p style=\"text-align: justify;\">La votaci\u00f3n tuvo como escenario el Aula Magna de esta casa de estudios y fue liderada por el Presidente del Consejo Regional, el Gobernador Regional \u00d3scar Cris\u00f3stomo. Tambi\u00e9n estuvieron presentes invitados como el rector de la casa de estudios Mauricio Cataldo, el prorrector, Fernando Toledo y representantes de organizaciones sociales, gremiales y comunales de la regi\u00f3n de \u00d1uble.<\/p>\n<p style=\"text-align: justify;\">La m\u00e1xima autoridad regional, junto con agradecer el compromiso de los consejeros regional por el an\u00e1lisis y la reflexi\u00f3n que hicieron y que permiti\u00f3 incorporar en el convenio aspectos que son sustantivos para llevarlos adelante, y al rector, prorrector y decanos que estuvieron involucrados en esta iniciativa, destac\u00f3 que con esta aprobaci\u00f3n \u201cestamos concretando eso que es parte del sue\u00f1o de la regi\u00f3n de \u00d1uble, una regi\u00f3n joven de tres a\u00f1os con mucho anhelo, pero que tambi\u00e9n la ciudadan\u00eda espera que hoy se empiecen a concretar esas ideas para sentirnos como regi\u00f3n. Yo hoy siento que estamos aprobando m\u00e1s all\u00e1 de un convenio de colaboraci\u00f3n, no estamos aprobando solamente recurso, estamos aprobando una l\u00ednea estrat\u00e9gica de desarrollo donde el polo en salud en tiene que ser uno de los vitales espacios para que la ciudadan\u00eda, nuestros profesionales y el capital social quede asentado en nuestra regi\u00f3n\u201d.<\/p>\n<p style=\"text-align: justify;\">Cris\u00f3stomo agreg\u00f3 que \u201cestamos cumpliendo porque en nuestro programa dijimos que ten\u00edamos que dar un salto m\u00e1s cuantitativo y cualitativo en materia de salud y uno de ellos era tener carreras y un polo de desarrollo en salud que fuera sustancioso, que tuvieran un elemento identitario y que nos permitir\u00e1 avanzar mejorar la calidad de vida y el bienestar de las familias de nuestra regi\u00f3n\u201d.<\/p>\n<p style=\"text-align: justify;\">\n<p style=\"text-align: justify;\">Noticia anhelada<\/p>\n<p style=\"text-align: justify;\">A su vez, el Rector de la Universidad del B\u00edo -B\u00edo, Mauricio Cataldo, reafirm\u00f3 que \u201cqueremos que la regi\u00f3n mejore sus indicadores sanitarios en el cuidado y protecci\u00f3n de la salud en coherencia con una sociedad \u00f1ublensina que exige mayor justicia territorial, la tarea que hoy nos encomienda la regi\u00f3n de \u00d1uble est\u00e1 dirigida a formar nuevos profesionales en el \u00e1rea de la salud que tengan sentido local y atiendan las prevalencia que nos muestran las estad\u00edsticas disponibles. Para nuestra universidad el proyecto de polo de salud de \u00d1uble representa una noticia muy esperada\u201d.<\/p>\n<p style=\"text-align: justify;\">En tanto el Prorrector de la UBB, Dr. Fernando Toledo, destac\u00f3 que \u201ces una decisi\u00f3n hist\u00f3rica del Gobierno Regional de \u00d1uble. La Universidad del B\u00edo-B\u00edo, instituci\u00f3n estatal y p\u00fablica, considera el proyecto del polo de salud -que contempla la creaci\u00f3n de la carrera de Medicina-, como una iniciativa estrat\u00e9gica para la regi\u00f3n. Estamos muy orgullosos de poder ofrecer un proyecto integral que apunta al desarrollo del territorio, al bienestar de las personas, al desarrollo de la medicina con una perspectiva regional, y tambi\u00e9n a la retenci\u00f3n y atracci\u00f3n de capital humano, de manera que los\/as j\u00f3venes vislumbren alternativas atractivas en Chill\u00e1n y \u00d1uble. Asimismo, es un proyecto que tributa a la Estrategia Regional de Desarrollo\u201d<\/p>\n<p style=\"text-align: justify;\">\n<p style=\"text-align: justify;\">La valoraci\u00f3n del Consejo<\/p>\n<p style=\"text-align: justify;\">As\u00ed mismo, el Consejero Regional, Hern\u00e1n \u00c1lvarez, presidente de la comisi\u00f3n Gobierno Interior y de la Comisi\u00f3n de Educaci\u00f3n, Cultura, Ciencia y Tecnolog\u00eda indic\u00f3 que \u201cestamos en presencia de un gran desaf\u00edo que nos ha correspondido enfrentar y resolver. Creo que es un proyecto de una magnitud y trascendencia gigantesca para la Regi\u00f3n de \u00d1uble, e insospechada en su proyecci\u00f3n\u201d.<\/p>\n<p style=\"text-align: justify;\">El Consejero Regional Jezer Sep\u00falveda especific\u00f3 que \u201clo \u00fanico que pido es que los j\u00f3venes que vengan a estudiar sean emp\u00e1ticos, gente de coraz\u00f3n y humanos (\u2026.) ser\u00e1n grandes profesionales y la gente que este cargo tenga esa visi\u00f3n para ense\u00f1ar la parte humana\u201d.\u201c<\/p>\n<p style=\"text-align: justify;\">De la misma forma, el Consejero Rodrigo Dinamarca valor\u00f3 que \u201ceste convenio va a poder suscribir un camino o desarrollo en lo que tiene que ver la ciencia en una regi\u00f3n que tiene el peor \u00edndice de c\u00e1ncer de col\u00f3n, por lo tanto, esto podr\u00eda ser parte de los puntos a ir mejorando para nuestros \u00f1ublensinos y un sue\u00f1o y anhelo ser\u00eda que un sello de esta carrera de Medicina sea el adulto mayor, yo creo que falta mucho desarrollo para el adulto mayor\u201d.<\/p>\n<p style=\"text-align: justify;\">Como hist\u00f3rico calific\u00f3 la aprobaci\u00f3n del convenio el Consejero Arnoldo Jim\u00e9nez, quien adem\u00e1s se\u00f1al\u00f3 que ser\u00e1 una carrera \u201ccon una impronta de compromiso con nuestro contexto de la regi\u00f3n, con el contexto rural, con el contexto social de manera que va a ser un gran aporte para la medicina y una gran oportunidad para los alumnos de la regi\u00f3n\u201d.<\/p>\n<p style=\"text-align: justify;\">\n<p style=\"text-align: justify;\">Proyecto aprobado<\/p>\n<p style=\"text-align: justify;\">En detalle el convenio considera la creaci\u00f3n de carreras m\u00e9dicas y no m\u00e9dicas con un monto de inversi\u00f3n que alcanza la suma de $ 14 mil millones, presupuesto que estar\u00e1 dividido en los 6 a\u00f1os de vigencia del convenio. Los aportes del Gobierno Regional corresponder\u00e1n al 71% del costo del proyecto, es decir $10 mil millones, en tanto, los aportes de la Universidad del B\u00edo &#8211; B\u00edo ser\u00e1 del 29% lo que significa un total de $4 mil millones.<\/p>\n<p style=\"text-align: justify;\">Respecto a la carrera de Medicina para la formaci\u00f3n de m\u00e9dicos para la regi\u00f3n de \u00d1uble, se estima en un n\u00famero de egresados anual de 36 quienes al titularse como M\u00e9dico (a) Cirujano (a), y podr\u00e1n desarrollar especialidades m\u00e9dicas, tales como Neurolog\u00eda, Medicina Interna, Geriatr\u00eda, u otras que respondan al d\u00e9ficit de especialistas de la regi\u00f3n. Los alumnos de la regi\u00f3n de \u00d1uble, habr\u00e1 facilidades para un ingreso especial, siempre que cumplan con los requisitos establecidos por la universidad y que provengan de liceos municipales, colegios subvencionados y colegios de administraci\u00f3n delegada.<\/p>\n<p style=\"text-align: justify;\">En tanto, las carreras no m\u00e9dicas como Qu\u00edmica y Farmacia, Tecnolog\u00eda M\u00e9dica, Terapia Ocupacional, se proyecta un egreso estimado de 32 profesionales por a\u00f1o.<\/p>\n<p style=\"text-align: justify;\">\n","protected":false},"excerpt":{"rendered":"<p>\u00d1uble, marzo 2022: Se dio luz verde al proyecto por un total de $ 14 mil millones que adem\u00e1s incorpora la carrera de Qu\u00edmica y Farmacia. Ambas ser\u00e1n dictadas por la Universidad del B\u00edo-&#46;&#46;&#46;<\/p>\n","protected":false},"author":2,"featured_media":25816,"comment_status":"closed","ping_status":"open","sticky":false,"template":"","format":"standard","meta":{"footnotes":""},"categories":[1493,2571,1],"tags":[366,1115,8,6,117],"class_list":["post-25815","post","type-post","status-publish","format-standard","has-post-thumbnail","hentry","category-educacion","category-educacion-2","category-noticias","tag-educacion","tag-noticias","tag-yungay","tag-yungayino","tag-yungayinocl"],"_links":{"self":[{"href":"https:\/\/www.yungayino.cl\/noticias\/index.php?rest_route=\/wp\/v2\/posts\/25815","targetHints":{"allow":["GET"]}}],"collection":[{"href":"https:\/\/www.yungayino.cl\/noticias\/index.php?rest_route=\/wp\/v2\/posts"}],"about":[{"href":"https:\/\/www.yungayino.cl\/noticias\/index.php?rest_route=\/wp\/v2\/types\/post"}],"author":[{"embeddable":true,"href":"https:\/\/www.yungayino.cl\/noticias\/index.php?rest_route=\/wp\/v2\/users\/2"}],"replies":[{"embeddable":true,"href":"https:\/\/www.yungayino.cl\/noticias\/index.php?rest_route=%2Fwp%2Fv2%2Fcomments&post=25815"}],"version-history":[{"count":1,"href":"https:\/\/www.yungayino.cl\/noticias\/index.php?rest_route=\/wp\/v2\/posts\/25815\/revisions"}],"predecessor-version":[{"id":25817,"href":"https:\/\/www.yungayino.cl\/noticias\/index.php?rest_route=\/wp\/v2\/posts\/25815\/revisions\/25817"}],"wp:featuredmedia":[{"embeddable":true,"href":"https:\/\/www.yungayino.cl\/noticias\/index.php?rest_route=\/wp\/v2\/media\/25816"}],"wp:attachment":[{"href":"https:\/\/www.yungayino.cl\/noticias\/index.php?rest_route=%2Fwp%2Fv2%2Fmedia&parent=25815"}],"wp:term":[{"taxonomy":"category","embeddable":true,"href":"https:\/\/www.yungayino.cl\/noticias\/index.php?rest_route=%2Fwp%2Fv2%2Fcategories&post=25815"},{"taxonomy":"post_tag","embeddable":true,"href":"https:\/\/www.yungayino.cl\/noticias\/index.php?rest_route=%2Fwp%2Fv2%2Ftags&post=25815"}],"curies":[{"name":"wp","href":"https:\/\/api.w.org\/{rel}","templated":true}]}}