{"id":25824,"date":"2022-03-12T16:00:24","date_gmt":"2022-03-12T19:00:24","guid":{"rendered":"http:\/\/www.yungayino.cl\/noticias\/?p=25824"},"modified":"2022-03-12T16:22:50","modified_gmt":"2022-03-12T19:22:50","slug":"asumen-los-16-nuevos-consejeros-regionales-de-nuble","status":"publish","type":"post","link":"https:\/\/www.yungayino.cl\/noticias\/?p=25824","title":{"rendered":"Asumen los 16 Nuevos Consejeros Regionales de \u00d1uble"},"content":{"rendered":"<p><img loading=\"lazy\" decoding=\"async\" class=\"alignnone size-full wp-image-25825\" src=\"http:\/\/www.yungayino.cl\/noticias\/wp-content\/uploads\/2022\/03\/consejeros-regionales.jpg\" alt=\"\" width=\"700\" height=\"350\" srcset=\"https:\/\/www.yungayino.cl\/noticias\/wp-content\/uploads\/2022\/03\/consejeros-regionales.jpg 700w, https:\/\/www.yungayino.cl\/noticias\/wp-content\/uploads\/2022\/03\/consejeros-regionales-300x150.jpg 300w\" sizes=\"auto, (max-width: 700px) 100vw, 700px\" \/><\/p>\n<p style=\"text-align: justify;\">\u00d1uble, marzo 2022: Con 16 consejeros regionales cuenta desde hoy la Regi\u00f3n de \u00d1uble, luego que esta tarde cada una de las nuevas autoridades asumiera su cargo en la sesi\u00f3n extraordinaria n\u00b024 del Consejo Regional. Se trata del primer consejo pleno para el territorio, el que contar\u00e1 con ocho representantes de Diguill\u00edn; cuatro de Punilla y cuatro, de Itata.<\/p>\n<p style=\"text-align: justify;\">La ceremonia, desarrollada en la Explanada del Gobierno Regional, estuvo encabezada por el Gobernador \u00d3scar Cris\u00f3stomo y cont\u00f3 con la presencia de diferentes autoridades, quienes fueron testigos del juramento realizado por los 16 nuevos consejeros regionales.<\/p>\n<p style=\"text-align: justify;\">Asimismo, durante el desarrollo de la actividad, se expuso una breve rese\u00f1a de presentaci\u00f3n de los consejeros entrantes, un video con un mensaje de cada uno para los \u00f1ublensinos y tambi\u00e9n, se reconoci\u00f3 la labor de los consejeros que dejaron el cargo, Hern\u00e1n \u00c1lvarez y John Andrades.<\/p>\n<p style=\"text-align: justify;\">El Gobernador Cris\u00f3stomo expres\u00f3 que \u201choy es un d\u00eda hist\u00f3rico para el pa\u00eds y tambi\u00e9n para nuestra regi\u00f3n. Desde hoy comienzan a ejercer nuevas autoridades que, sin duda, buscan hacer realidad los anhelos de la ciudadan\u00eda que los eligi\u00f3 democr\u00e1ticamente. En esta ceremonia hemos asumido el compromiso de trabajar mancomunadamente por \u00d1uble, por cada una de las 21 comunas y tomar decisiones siempre considerando el sentir ciudadano, la opini\u00f3n de la gente, desde y para la regi\u00f3n; entendiendo que nadie mejor que sus propios habitantes conocen las urgencias a las que tenemos que dar respuesta\u201d.<\/p>\n<p style=\"text-align: justify;\">Agreg\u00f3 que \u201ccon este Consejo Regional, que tambi\u00e9n por primera vez estar\u00e1 integrado por mujeres, tenemos la posibilidad y tambi\u00e9n la responsabilidad de avanzar hacia un \u00d1uble m\u00e1s inclusivo, m\u00e1s justo y con m\u00e1s oportunidades. Tal como lo establecen los principios de nuestro Gobierno Regional, ellos deben estar al servicio de la gente, velando por la transparencia, garantizando la participaci\u00f3n de los vecinos y fomentando la colaboraci\u00f3n entre distintos actores para mejorar la calidad de vida de los \u00f1ublensinos y fortalecer nuestra regi\u00f3n\u201d.<\/p>\n<p style=\"text-align: justify;\">Cumplir expectativas<\/p>\n<p style=\"text-align: justify;\">Sobre lo que esperan de su gesti\u00f3n, Cristian Quilodr\u00e1n, consejero regional por Diguill\u00edn, expres\u00f3 que \u00abestoy muy feliz de haber vivido un proceso democr\u00e1tico y ahora ser parte del equipo del Gobierno Regional y el Consejo Regional de \u00d1uble. Mi compromiso est\u00e1 con todas las personas que confiaron en m\u00ed y con las personas que tampoco confiaron en m\u00ed, porque ahora me va a tocar trabajar para todo \u00d1uble (&#8230;) espero hacerlo muy bien, estoy muy comprometido con ustedes y me voy a dedicar 100% a este trabajo\u00bb.<\/p>\n<p style=\"text-align: justify;\">Asimismo, Patricia Vera, tambi\u00e9n representante de la Provincia de Diguill\u00edn, coment\u00f3 que parte de sus desaf\u00edos ser\u00e1n \u00abprimero mayor fiscalizaci\u00f3n dentro de la regi\u00f3n, segundo acercar a la ciudadan\u00eda al Consejo Regional, que todos sepamos qu\u00e9 sucede dentro del Gobierno Regional, cu\u00e1les son las metas los objetivos y las propuestas que tenemos. Espero que podamos trabajar juntos para traer mayor desarrollo a esta nueva regi\u00f3n\u00bb.<\/p>\n<p style=\"text-align: justify;\">Por otra parte, la consejera regional por Punilla, Laura Pozo, asegur\u00f3 estar \u00abmuy contenta de participar en esto junto con un equipo grande que fue elegido por el pueblo para ver un \u00d1uble mejor. Espero cumplir las expectativas que todos quieren y trabajar unidos\u00bb.<\/p>\n<p style=\"text-align: justify;\">Finalmente, Eduardo Redlich, consejero regional por Itata, junto con agradecer \u00aba todos los vecinos quienes confiaron y creyeron en m\u00ed para poder ser representante de ellos aqu\u00ed en el Gobierno Regional\u00bb recalc\u00f3 que espera \u00abcumplir las expectativas que todos los vecinos esperan de nuestro trabajo, poder ayudar a formar ciudades m\u00e1s justas, m\u00e1s libres y tambi\u00e9n m\u00e1s inclusivas\u00bb.<\/p>\n","protected":false},"excerpt":{"rendered":"<p>\u00d1uble, marzo 2022: Con 16 consejeros regionales cuenta desde hoy la Regi\u00f3n de \u00d1uble, luego que esta tarde cada una de las nuevas autoridades asumiera su cargo en la sesi\u00f3n extraordinaria n\u00b024 del Consejo&#46;&#46;&#46;<\/p>\n","protected":false},"author":2,"featured_media":25825,"comment_status":"closed","ping_status":"open","sticky":false,"template":"","format":"standard","meta":{"footnotes":""},"categories":[3,1],"tags":[1575,1115,1678,8,6,117],"class_list":["post-25824","post","type-post","status-publish","format-standard","has-post-thumbnail","hentry","category-actualidad","category-noticias","tag-consejeros-regionales","tag-noticias","tag-nuble","tag-yungay","tag-yungayino","tag-yungayinocl"],"_links":{"self":[{"href":"https:\/\/www.yungayino.cl\/noticias\/index.php?rest_route=\/wp\/v2\/posts\/25824","targetHints":{"allow":["GET"]}}],"collection":[{"href":"https:\/\/www.yungayino.cl\/noticias\/index.php?rest_route=\/wp\/v2\/posts"}],"about":[{"href":"https:\/\/www.yungayino.cl\/noticias\/index.php?rest_route=\/wp\/v2\/types\/post"}],"author":[{"embeddable":true,"href":"https:\/\/www.yungayino.cl\/noticias\/index.php?rest_route=\/wp\/v2\/users\/2"}],"replies":[{"embeddable":true,"href":"https:\/\/www.yungayino.cl\/noticias\/index.php?rest_route=%2Fwp%2Fv2%2Fcomments&post=25824"}],"version-history":[{"count":2,"href":"https:\/\/www.yungayino.cl\/noticias\/index.php?rest_route=\/wp\/v2\/posts\/25824\/revisions"}],"predecessor-version":[{"id":25827,"href":"https:\/\/www.yungayino.cl\/noticias\/index.php?rest_route=\/wp\/v2\/posts\/25824\/revisions\/25827"}],"wp:featuredmedia":[{"embeddable":true,"href":"https:\/\/www.yungayino.cl\/noticias\/index.php?rest_route=\/wp\/v2\/media\/25825"}],"wp:attachment":[{"href":"https:\/\/www.yungayino.cl\/noticias\/index.php?rest_route=%2Fwp%2Fv2%2Fmedia&parent=25824"}],"wp:term":[{"taxonomy":"category","embeddable":true,"href":"https:\/\/www.yungayino.cl\/noticias\/index.php?rest_route=%2Fwp%2Fv2%2Fcategories&post=25824"},{"taxonomy":"post_tag","embeddable":true,"href":"https:\/\/www.yungayino.cl\/noticias\/index.php?rest_route=%2Fwp%2Fv2%2Ftags&post=25824"}],"curies":[{"name":"wp","href":"https:\/\/api.w.org\/{rel}","templated":true}]}}