{"id":25834,"date":"2022-03-15T11:00:52","date_gmt":"2022-03-15T14:00:52","guid":{"rendered":"http:\/\/www.yungayino.cl\/noticias\/?p=25834"},"modified":"2022-03-15T11:23:18","modified_gmt":"2022-03-15T14:23:18","slug":"pandemia-en-nuble-a-dos-anos-del-primer-caso-positivo","status":"publish","type":"post","link":"https:\/\/www.yungayino.cl\/noticias\/?p=25834","title":{"rendered":"Pandemia en \u00d1uble: A Dos A\u00f1os del Primer Caso Positivo"},"content":{"rendered":"<p><img loading=\"lazy\" decoding=\"async\" class=\"alignnone size-full wp-image-25835\" src=\"http:\/\/www.yungayino.cl\/noticias\/wp-content\/uploads\/2022\/03\/dos-anos-de-pandemia.jpg\" alt=\"\" width=\"700\" height=\"350\" srcset=\"https:\/\/www.yungayino.cl\/noticias\/wp-content\/uploads\/2022\/03\/dos-anos-de-pandemia.jpg 700w, https:\/\/www.yungayino.cl\/noticias\/wp-content\/uploads\/2022\/03\/dos-anos-de-pandemia-300x150.jpg 300w\" sizes=\"auto, (max-width: 700px) 100vw, 700px\" \/><\/p>\n<p style=\"text-align: justify;\">\u00d1uble, marzo 2022: A 24 meses desde que se detectara el primer caso de Covid-19 en nuestra regi\u00f3n, autoridades del Servicio de Salud \u00d1uble resaltan el trabajo realizado para enfrentar la emergencia sanitaria.<\/p>\n<p style=\"text-align: justify;\">El 12 de marzo de 2020, con una pandemia que ya viv\u00eda sus primeros casos en nuestro pa\u00eds, \u00d1uble registr\u00f3 el primer contagio positivo de Covid-19. Desde ah\u00ed se inici\u00f3 un proceso de reestructuraci\u00f3n de la Red Asistencial, con nuevos protocolos y donde el compromiso de todas y todos los funcionarios de salud ha sido fundamental.<\/p>\n<p style=\"text-align: justify;\">\u201cEste mes cumplimos dos a\u00f1os desde que se registr\u00f3 el primer caso de Covid-19 en la regi\u00f3n. En este periodo, entre los principales hitos, podemos destacar el gran fortalecimiento de nuestra red de camas cr\u00edticas; pasando de 14 camas UCI a 73 en el momento m\u00e1s \u00e1lgido de la pandemia; tambi\u00e9n la incorporaci\u00f3n del laboratorio del Hospital Cl\u00ednico Herminda Mart\u00edn a la red de procesamiento de ex\u00e1menes de PCR, lo que nos permiti\u00f3 conocer la realidad epidemiol\u00f3gica de la Regi\u00f3n\u201d, destac\u00f3 el Director del Servicio de Salud \u00d1uble (SS\u00d1), Ricardo S\u00e1nchez Opazo.<\/p>\n<p style=\"text-align: justify;\">La autoridad adem\u00e1s reconoci\u00f3 el compromiso de las y los funcionarios, indicando que \u201chay que destacar el gran trabajo de los equipos, que desplegaron diversas estrategias para acercar la salud a la comunidad. Es as\u00ed, como se desarroll\u00f3 el programa de entrega de f\u00e1rmacos a domicilio; la Hospitalizaci\u00f3n Domiciliaria; el exitoso avance del proceso de vacunaci\u00f3n y la b\u00fasqueda activa de casos que ha permitido a nuestro servicio de salud liderar las estrategias de contenci\u00f3n del virus. Ha sido un trabajo arduo, sin embargo, lo m\u00e1s importante es reconocer el gran trabajo de todas las personas que integran la red asistencial de \u00d1uble, en cada uno de los dispositivos, desde el Hospital m\u00e1s grande, hasta la posta rural m\u00e1s apartada\u201d.<\/p>\n<p style=\"text-align: justify;\">Una tarea que no ha estado exenta de complejos momentos, con cifras alarmantes y largos confinamientos, pero que, sin lugar a dudas, ha contado con el compromiso de gran parte de la ciudadan\u00eda, que tambi\u00e9n ha pasado por una etapa de adaptaci\u00f3n y cambios de la cotidianeidad.<\/p>\n<p style=\"text-align: justify;\">Actualmente, tras una nueva ola de altas cifras de contagios producto de la variante \u00d3micron, la regi\u00f3n hizo frente a d\u00edas cr\u00edticos, pero que en esta oportunidad ocurri\u00f3 con una poblaci\u00f3n m\u00e1s preparada. \u201cLa diferencia con las olas anteriores, es que esta \u00faltima estuvo marcada por el exitoso proceso de vacunaci\u00f3n que redujo el porcentaje de personas que desarrollaron cuadros graves. Sin embargo, como sabemos, entre el 2 y el 3% de los casos activos requieren de hospitalizaci\u00f3n, por lo que nuestra meta es continuar reduciendo los contagios, para cuidarnos entre todos\u201d, recalc\u00f3 el Subdirector de Gesti\u00f3n Asistencial del SS\u00d1, Dr. Max Besser Valenzuela.<\/p>\n","protected":false},"excerpt":{"rendered":"<p>\u00d1uble, marzo 2022: A 24 meses desde que se detectara el primer caso de Covid-19 en nuestra regi\u00f3n, autoridades del Servicio de Salud \u00d1uble resaltan el trabajo realizado para enfrentar la emergencia sanitaria. El&#46;&#46;&#46;<\/p>\n","protected":false},"author":2,"featured_media":25835,"comment_status":"closed","ping_status":"open","sticky":false,"template":"","format":"standard","meta":{"footnotes":""},"categories":[1,1676],"tags":[1115,65,8,6,117],"class_list":["post-25834","post","type-post","status-publish","format-standard","has-post-thumbnail","hentry","category-noticias","category-salud","tag-noticias","tag-salud","tag-yungay","tag-yungayino","tag-yungayinocl"],"_links":{"self":[{"href":"https:\/\/www.yungayino.cl\/noticias\/index.php?rest_route=\/wp\/v2\/posts\/25834","targetHints":{"allow":["GET"]}}],"collection":[{"href":"https:\/\/www.yungayino.cl\/noticias\/index.php?rest_route=\/wp\/v2\/posts"}],"about":[{"href":"https:\/\/www.yungayino.cl\/noticias\/index.php?rest_route=\/wp\/v2\/types\/post"}],"author":[{"embeddable":true,"href":"https:\/\/www.yungayino.cl\/noticias\/index.php?rest_route=\/wp\/v2\/users\/2"}],"replies":[{"embeddable":true,"href":"https:\/\/www.yungayino.cl\/noticias\/index.php?rest_route=%2Fwp%2Fv2%2Fcomments&post=25834"}],"version-history":[{"count":1,"href":"https:\/\/www.yungayino.cl\/noticias\/index.php?rest_route=\/wp\/v2\/posts\/25834\/revisions"}],"predecessor-version":[{"id":25836,"href":"https:\/\/www.yungayino.cl\/noticias\/index.php?rest_route=\/wp\/v2\/posts\/25834\/revisions\/25836"}],"wp:featuredmedia":[{"embeddable":true,"href":"https:\/\/www.yungayino.cl\/noticias\/index.php?rest_route=\/wp\/v2\/media\/25835"}],"wp:attachment":[{"href":"https:\/\/www.yungayino.cl\/noticias\/index.php?rest_route=%2Fwp%2Fv2%2Fmedia&parent=25834"}],"wp:term":[{"taxonomy":"category","embeddable":true,"href":"https:\/\/www.yungayino.cl\/noticias\/index.php?rest_route=%2Fwp%2Fv2%2Fcategories&post=25834"},{"taxonomy":"post_tag","embeddable":true,"href":"https:\/\/www.yungayino.cl\/noticias\/index.php?rest_route=%2Fwp%2Fv2%2Ftags&post=25834"}],"curies":[{"name":"wp","href":"https:\/\/api.w.org\/{rel}","templated":true}]}}