{"id":25870,"date":"2022-03-23T07:00:22","date_gmt":"2022-03-23T10:00:22","guid":{"rendered":"http:\/\/www.yungayino.cl\/noticias\/?p=25870"},"modified":"2022-03-18T17:05:49","modified_gmt":"2022-03-18T20:05:49","slug":"gobernador-oscar-crisostomo-y-presidenta-corte-de-apelaciones-abordan-prioridades-en-materia-de-justicia-regional","status":"publish","type":"post","link":"https:\/\/www.yungayino.cl\/noticias\/?p=25870","title":{"rendered":"Gobernador Oscar Cris\u00f3stomo y Presidenta Corte de Apelaciones Abordan Prioridades en Materia de Justicia Regional"},"content":{"rendered":"<p><img loading=\"lazy\" decoding=\"async\" class=\"alignnone size-full wp-image-25871\" src=\"http:\/\/www.yungayino.cl\/noticias\/wp-content\/uploads\/2022\/03\/1-1.jpg\" alt=\"\" width=\"700\" height=\"392\" srcset=\"https:\/\/www.yungayino.cl\/noticias\/wp-content\/uploads\/2022\/03\/1-1.jpg 700w, https:\/\/www.yungayino.cl\/noticias\/wp-content\/uploads\/2022\/03\/1-1-300x168.jpg 300w, https:\/\/www.yungayino.cl\/noticias\/wp-content\/uploads\/2022\/03\/1-1-268x150.jpg 268w\" sizes=\"auto, (max-width: 700px) 100vw, 700px\" \/><\/p>\n<p style=\"text-align: justify;\">\u00d1uble, marzo 2022: Reforzaron el sello del trabajo colaborativo entre las distintas instituciones, adem\u00e1s de visualizar los desaf\u00edos en torno a tem\u00e1ticas como la violencia intrafamiliar y el acceso a la justicia.<\/p>\n<p style=\"text-align: justify;\">Aspectos como los derechos de los ni\u00f1os y ni\u00f1as, la violencia intrafamiliar y el acceso a la justicia fueron abordaron por el Gobernador Regional, \u00d3scar Cris\u00f3stomo y la Presidenta de la Corte de Apelaciones, Paulina Gallardo, con ocasi\u00f3n del saludo protocolar que fue a entregarle la m\u00e1xima autoridad regional.<\/p>\n<p style=\"text-align: justify;\">La ministra Paulina Gallardo asumi\u00f3 el 1 de marzo la presidencia de la Corte de Apelaciones de Chill\u00e1n, siendo la segunda mujer en ostentar ese cargo en el tribunal de alzada de la capital regional.<\/p>\n<p style=\"text-align: justify;\">El Gobernador Cris\u00f3stomo junto con reiterar las felicitaciones a la ministra, catalog\u00f3 como \u201cmuy positiva la reuni\u00f3n donde pudimos visualizar los desaf\u00edos que tenemos como regi\u00f3n y hemos coincidido en que las prioridades van por el lado por relevar y hacer efectivos los derechos de los ni\u00f1os, ni\u00f1as y adolescentes; adem\u00e1s de profundizar el trabajo preventivo respecto a la violencia intrafamiliar, y por cierto, abordar en\u00a0 forma multidisciplinaria los temas de salud mental como una forma tambi\u00e9n de evitar situaciones de violencia. El acceso de la justicia de los m\u00e1s vulnerables es un trabajo que tenemos pendiente y hemos conversado con la Ministra Gallardo al respecto, para entregar m\u00e1s oportunidades a quienes la requieren\u201d. Agreg\u00f3 que \u201cseguimos en la l\u00ednea de priorizar el trabajo colaborativo con las distintas instituciones porque entendemos que para avanzar se requiere de una mirada integral y dialogante, por supuesto, respetando al \u00e1mbito de acci\u00f3n de cada autoridad\u201d.<\/p>\n<p style=\"text-align: justify;\">Asimismo, la ministra Paulina Gallardo, detall\u00f3 que \u201cfue una reuni\u00f3n de presentaci\u00f3n protocolar la cual se abordaron temas en el inter\u00e9s de la comunidad, especialmente de la regi\u00f3n de \u00d1uble, en el \u00e1mbito de cada una de las atribuciones que a las autoridades nos corresponden. Espec\u00edficamente abordamos los temas de efectivizaci\u00f3n de derecho de ni\u00f1os, ni\u00f1as y adolescentes, aspectos vinculados a la violencia intrafamiliar espec\u00edficamente en el impacto de la mujer rural, tambi\u00e9n se abordaron los temas de atenci\u00f3n de salud mental tanto de adultos como de ni\u00f1os, ni\u00f1as y adolescentes\u201d. Otro aspecto tratado, a\u00f1adi\u00f3 fue \u201cla relevancia de rescatar el patrimonio tanto de las instituciones p\u00fablicas de nuestra regi\u00f3n y la disposici\u00f3n que esta Corte de que esto sea compartido con la comunidad entonces quedamos en coordinar las actividades, que dentro de nuestro \u00e1mbito de competencia nos corresponde para mejorar e incrementar el acceso a la justicia de las personas, especialmente aquellos que est\u00e1n en situaci\u00f3n de vulnerabilidad\u201d.<\/p>\n","protected":false},"excerpt":{"rendered":"<p>\u00d1uble, marzo 2022: Reforzaron el sello del trabajo colaborativo entre las distintas instituciones, adem\u00e1s de visualizar los desaf\u00edos en torno a tem\u00e1ticas como la violencia intrafamiliar y el acceso a la justicia. Aspectos como&#46;&#46;&#46;<\/p>\n","protected":false},"author":2,"featured_media":25871,"comment_status":"closed","ping_status":"open","sticky":false,"template":"","format":"standard","meta":{"footnotes":""},"categories":[1],"tags":[1115,1678,8,6,117],"class_list":["post-25870","post","type-post","status-publish","format-standard","has-post-thumbnail","hentry","category-noticias","tag-noticias","tag-nuble","tag-yungay","tag-yungayino","tag-yungayinocl"],"_links":{"self":[{"href":"https:\/\/www.yungayino.cl\/noticias\/index.php?rest_route=\/wp\/v2\/posts\/25870","targetHints":{"allow":["GET"]}}],"collection":[{"href":"https:\/\/www.yungayino.cl\/noticias\/index.php?rest_route=\/wp\/v2\/posts"}],"about":[{"href":"https:\/\/www.yungayino.cl\/noticias\/index.php?rest_route=\/wp\/v2\/types\/post"}],"author":[{"embeddable":true,"href":"https:\/\/www.yungayino.cl\/noticias\/index.php?rest_route=\/wp\/v2\/users\/2"}],"replies":[{"embeddable":true,"href":"https:\/\/www.yungayino.cl\/noticias\/index.php?rest_route=%2Fwp%2Fv2%2Fcomments&post=25870"}],"version-history":[{"count":2,"href":"https:\/\/www.yungayino.cl\/noticias\/index.php?rest_route=\/wp\/v2\/posts\/25870\/revisions"}],"predecessor-version":[{"id":25873,"href":"https:\/\/www.yungayino.cl\/noticias\/index.php?rest_route=\/wp\/v2\/posts\/25870\/revisions\/25873"}],"wp:featuredmedia":[{"embeddable":true,"href":"https:\/\/www.yungayino.cl\/noticias\/index.php?rest_route=\/wp\/v2\/media\/25871"}],"wp:attachment":[{"href":"https:\/\/www.yungayino.cl\/noticias\/index.php?rest_route=%2Fwp%2Fv2%2Fmedia&parent=25870"}],"wp:term":[{"taxonomy":"category","embeddable":true,"href":"https:\/\/www.yungayino.cl\/noticias\/index.php?rest_route=%2Fwp%2Fv2%2Fcategories&post=25870"},{"taxonomy":"post_tag","embeddable":true,"href":"https:\/\/www.yungayino.cl\/noticias\/index.php?rest_route=%2Fwp%2Fv2%2Ftags&post=25870"}],"curies":[{"name":"wp","href":"https:\/\/api.w.org\/{rel}","templated":true}]}}