{"id":25878,"date":"2022-03-25T07:00:35","date_gmt":"2022-03-25T10:00:35","guid":{"rendered":"http:\/\/www.yungayino.cl\/noticias\/?p=25878"},"modified":"2022-03-23T17:45:57","modified_gmt":"2022-03-23T20:45:57","slug":"en-yungay-se-inicio-el-ano-escolar-con-la-entrega-de-titularidad-para-mas-de-30-docentes","status":"publish","type":"post","link":"https:\/\/www.yungayino.cl\/noticias\/?p=25878","title":{"rendered":"En Yungay se Inici\u00f3 el A\u00f1o Escolar con la Entrega de Titularidad Para M\u00e1s de 30 Docentes"},"content":{"rendered":"<p><img loading=\"lazy\" decoding=\"async\" class=\"alignnone size-full wp-image-25879\" src=\"http:\/\/www.yungayino.cl\/noticias\/wp-content\/uploads\/2022\/03\/2-1.jpg\" alt=\"\" width=\"700\" height=\"350\" srcset=\"https:\/\/www.yungayino.cl\/noticias\/wp-content\/uploads\/2022\/03\/2-1.jpg 700w, https:\/\/www.yungayino.cl\/noticias\/wp-content\/uploads\/2022\/03\/2-1-300x150.jpg 300w\" sizes=\"auto, (max-width: 700px) 100vw, 700px\" \/><\/p>\n<p style=\"text-align: justify;\">Yungay, marzo 2022: El martes de esta semana se convoc\u00f3 a m\u00e1s de 30 funcionarios de distintos establecimientos de la comuna para celebrar la ceremonia de inicio del a\u00f1o escolar 2022 y la entrega de Decretos de Titularidad en el marco de la ley 21.399.<\/p>\n<p style=\"text-align: justify;\">La hermosa biblioteca de nuestra comuna se visti\u00f3 de gala para otorgar la titularidad en el cargo a los profesionales de educaci\u00f3n que se encontraban incorporados en calidad de contrata y que se han desempe\u00f1ado en los establecimientos municipales de la comuna durante a lo menos tres a\u00f1os continuos o cuatro a\u00f1os discontinuos, incluyendo a aquellos que realizan actividades m\u00e1s all\u00e1 del aula, un t\u00edtulo que les otorga estabilidad laboral, confianza y seguridad a los docentes.<\/p>\n<p style=\"text-align: justify;\">La instancia fue encabezada por el Gobernador Regional, \u00d3scar Cris\u00f3stomo, el SEREMI de Educaci\u00f3n C\u00e9sar Riquelme, nuestro alcalde Rafael Cifuentes Rodr\u00edguez, los concejales; directores de los establecimientos educacionales municipales de la comuna, y, por supuesto, los profesionales de la educaci\u00f3n que obtuvieron su titularidad.<\/p>\n<p style=\"text-align: justify;\">\u00abEsta es, precisamente, mi primera actividad como seremi fuera de la capital regional y estoy muy agradecido de poder presenciar el reconocimiento a la labor de los profesionales de educaci\u00f3n\u00bb se\u00f1al\u00f3 el seremi de Educaci\u00f3n, C\u00e9sar Riquelme Alarc\u00f3n, \u00abustedes son el motor de avance de la sociedad, quienes les ense\u00f1an a los alumnos no s\u00f3lo sobre lo que es, sino que tambi\u00e9n a analizar y criticar para poder cambiar y mejorar el mundo que nos rodea\u00bb.<\/p>\n<p style=\"text-align: justify;\">El alcalde de la comuna, Rafael Cifuentes Rodr\u00edguez, felicit\u00f3 a \u00abtodos los profesores y profesoras que hoy reciben su decreto de titularidad. S\u00e9 que han trabajado arduamente y sin descanso, especialmente estos \u00faltimos dos a\u00f1os. Este es un derecho que adquieren a partir de toda su entrega y trabajo\u00bb se\u00f1al\u00f3.<\/p>\n<p style=\"text-align: justify;\">\u00abEste es un avance esencial para el desarrollo de la educaci\u00f3n en Chile, uno que entrega estabilidad y seguridad laboral a quienes por a\u00f1os han estado trabajando por la educaci\u00f3n p\u00fablica en los establecimientos educacionales locales\u00bb mencion\u00f3 el Gobernador, \u00d3scar Cris\u00f3stomo, durante la instancia.<\/p>\n<p style=\"text-align: justify;\">Al finalizar la instancia, el alcalde invit\u00f3 al SEREMI de educaci\u00f3n y al Gobernador a visitar las actuales condiciones del Liceo de Yungay, el que cumple 12 a\u00f1os en su actual ubicaci\u00f3n, con el objetivo de motivar el apoyo al proyecto de reposici\u00f3n del establecimiento, el que se encuentra en su etapa final.<\/p>\n","protected":false},"excerpt":{"rendered":"<p>Yungay, marzo 2022: El martes de esta semana se convoc\u00f3 a m\u00e1s de 30 funcionarios de distintos establecimientos de la comuna para celebrar la ceremonia de inicio del a\u00f1o escolar 2022 y la entrega&#46;&#46;&#46;<\/p>\n","protected":false},"author":2,"featured_media":25879,"comment_status":"closed","ping_status":"open","sticky":false,"template":"","format":"standard","meta":{"footnotes":""},"categories":[2571,1],"tags":[366,1115,8,6,117],"class_list":["post-25878","post","type-post","status-publish","format-standard","has-post-thumbnail","hentry","category-educacion-2","category-noticias","tag-educacion","tag-noticias","tag-yungay","tag-yungayino","tag-yungayinocl"],"_links":{"self":[{"href":"https:\/\/www.yungayino.cl\/noticias\/index.php?rest_route=\/wp\/v2\/posts\/25878","targetHints":{"allow":["GET"]}}],"collection":[{"href":"https:\/\/www.yungayino.cl\/noticias\/index.php?rest_route=\/wp\/v2\/posts"}],"about":[{"href":"https:\/\/www.yungayino.cl\/noticias\/index.php?rest_route=\/wp\/v2\/types\/post"}],"author":[{"embeddable":true,"href":"https:\/\/www.yungayino.cl\/noticias\/index.php?rest_route=\/wp\/v2\/users\/2"}],"replies":[{"embeddable":true,"href":"https:\/\/www.yungayino.cl\/noticias\/index.php?rest_route=%2Fwp%2Fv2%2Fcomments&post=25878"}],"version-history":[{"count":1,"href":"https:\/\/www.yungayino.cl\/noticias\/index.php?rest_route=\/wp\/v2\/posts\/25878\/revisions"}],"predecessor-version":[{"id":25880,"href":"https:\/\/www.yungayino.cl\/noticias\/index.php?rest_route=\/wp\/v2\/posts\/25878\/revisions\/25880"}],"wp:featuredmedia":[{"embeddable":true,"href":"https:\/\/www.yungayino.cl\/noticias\/index.php?rest_route=\/wp\/v2\/media\/25879"}],"wp:attachment":[{"href":"https:\/\/www.yungayino.cl\/noticias\/index.php?rest_route=%2Fwp%2Fv2%2Fmedia&parent=25878"}],"wp:term":[{"taxonomy":"category","embeddable":true,"href":"https:\/\/www.yungayino.cl\/noticias\/index.php?rest_route=%2Fwp%2Fv2%2Fcategories&post=25878"},{"taxonomy":"post_tag","embeddable":true,"href":"https:\/\/www.yungayino.cl\/noticias\/index.php?rest_route=%2Fwp%2Fv2%2Ftags&post=25878"}],"curies":[{"name":"wp","href":"https:\/\/api.w.org\/{rel}","templated":true}]}}