{"id":25899,"date":"2022-03-27T14:34:35","date_gmt":"2022-03-27T17:34:35","guid":{"rendered":"http:\/\/www.yungayino.cl\/noticias\/?p=25899"},"modified":"2022-03-27T14:34:35","modified_gmt":"2022-03-27T17:34:35","slug":"alcalde-se-reunio-con-comite-ambiental-comunal-cac","status":"publish","type":"post","link":"https:\/\/www.yungayino.cl\/noticias\/?p=25899","title":{"rendered":"Alcalde se Reuni\u00f3 con Comit\u00e9 Ambiental Comunal (CAC)"},"content":{"rendered":"<p><img loading=\"lazy\" decoding=\"async\" class=\"alignnone size-full wp-image-25900\" src=\"http:\/\/www.yungayino.cl\/noticias\/wp-content\/uploads\/2022\/03\/6.jpg\" alt=\"\" width=\"700\" height=\"350\" srcset=\"https:\/\/www.yungayino.cl\/noticias\/wp-content\/uploads\/2022\/03\/6.jpg 700w, https:\/\/www.yungayino.cl\/noticias\/wp-content\/uploads\/2022\/03\/6-300x150.jpg 300w\" sizes=\"auto, (max-width: 700px) 100vw, 700px\" \/><\/p>\n<p style=\"text-align: justify;\">Yungay, marzo 2022: Se desarroll\u00f3 una reuni\u00f3n entre el alcalde don Rafael Cifuentes y los miembros del Comit\u00e9 Ambiental Comunal (CAC), encabezado por su presidenta, Blanca Fa\u00fandez.<\/p>\n<p style=\"text-align: justify;\">En esta instancia el CAC de Yungay plante\u00f3 sus desaf\u00edos y prioridades de trabajo para el a\u00f1o 2022, destacando entre ellas, la pronta actualizaci\u00f3n de la Ordenanza Ambiental Municipal.<\/p>\n<p style=\"text-align: justify;\">Por su parte, el alcalde de Yungay reafirm\u00f3 su compromiso y voluntad de continuar avanzando en la gesti\u00f3n ambiental local, reforzando aquellos \u00e1mbitos de acci\u00f3n que est\u00e1n pendientes.<\/p>\n","protected":false},"excerpt":{"rendered":"<p>Yungay, marzo 2022: Se desarroll\u00f3 una reuni\u00f3n entre el alcalde don Rafael Cifuentes y los miembros del Comit\u00e9 Ambiental Comunal (CAC), encabezado por su presidenta, Blanca Fa\u00fandez. En esta instancia el CAC de Yungay&#46;&#46;&#46;<\/p>\n","protected":false},"author":2,"featured_media":25900,"comment_status":"closed","ping_status":"open","sticky":false,"template":"","format":"standard","meta":{"footnotes":""},"categories":[1],"tags":[2583,1115,8,6,117],"class_list":["post-25899","post","type-post","status-publish","format-standard","has-post-thumbnail","hentry","category-noticias","tag-comite-ambiental-comunal","tag-noticias","tag-yungay","tag-yungayino","tag-yungayinocl"],"_links":{"self":[{"href":"https:\/\/www.yungayino.cl\/noticias\/index.php?rest_route=\/wp\/v2\/posts\/25899","targetHints":{"allow":["GET"]}}],"collection":[{"href":"https:\/\/www.yungayino.cl\/noticias\/index.php?rest_route=\/wp\/v2\/posts"}],"about":[{"href":"https:\/\/www.yungayino.cl\/noticias\/index.php?rest_route=\/wp\/v2\/types\/post"}],"author":[{"embeddable":true,"href":"https:\/\/www.yungayino.cl\/noticias\/index.php?rest_route=\/wp\/v2\/users\/2"}],"replies":[{"embeddable":true,"href":"https:\/\/www.yungayino.cl\/noticias\/index.php?rest_route=%2Fwp%2Fv2%2Fcomments&post=25899"}],"version-history":[{"count":1,"href":"https:\/\/www.yungayino.cl\/noticias\/index.php?rest_route=\/wp\/v2\/posts\/25899\/revisions"}],"predecessor-version":[{"id":25901,"href":"https:\/\/www.yungayino.cl\/noticias\/index.php?rest_route=\/wp\/v2\/posts\/25899\/revisions\/25901"}],"wp:featuredmedia":[{"embeddable":true,"href":"https:\/\/www.yungayino.cl\/noticias\/index.php?rest_route=\/wp\/v2\/media\/25900"}],"wp:attachment":[{"href":"https:\/\/www.yungayino.cl\/noticias\/index.php?rest_route=%2Fwp%2Fv2%2Fmedia&parent=25899"}],"wp:term":[{"taxonomy":"category","embeddable":true,"href":"https:\/\/www.yungayino.cl\/noticias\/index.php?rest_route=%2Fwp%2Fv2%2Fcategories&post=25899"},{"taxonomy":"post_tag","embeddable":true,"href":"https:\/\/www.yungayino.cl\/noticias\/index.php?rest_route=%2Fwp%2Fv2%2Ftags&post=25899"}],"curies":[{"name":"wp","href":"https:\/\/api.w.org\/{rel}","templated":true}]}}