{"id":2592,"date":"2009-12-08T07:15:17","date_gmt":"2009-12-08T11:15:17","guid":{"rendered":"http:\/\/www.yungayino.cl\/noticias\/?p=2592"},"modified":"2009-12-08T07:28:34","modified_gmt":"2009-12-08T11:28:34","slug":"canal-vtv-realizo-encuesta-de-intencion-de-votos-en-comuna-de-yungay","status":"publish","type":"post","link":"https:\/\/www.yungayino.cl\/noticias\/?p=2592","title":{"rendered":"Canal VTV Realiz\u00f3 Encuesta de Intenci\u00f3n de Votos en Comuna de Yungay"},"content":{"rendered":"<p><img decoding=\"async\" src=\"http:\/\/www.yungayino.cl\/imagenes\/vtvelecciones.jpg\" alt=\"Canal VTV Realiz\u00f3 Encuesta de Intenci\u00f3n de Votos en Comuna de Yungay\" \/><\/p>\n<p align=\"justify\"><font size=\"2\">Entre los d\u00edas 05 y 07 de diciembre, personal de Canal VTV de nuestra comuna realiz\u00f3 una encuesta en distintos puntos de Yungay, como fueron supermercados, poblaciones, plaza, etc. La pregunta que se les hac\u00eda a los encuestados era \u00bfSi las elecciones fueran ahora, por quien votar\u00eda?, as\u00ed cada persona indicaba su nombre y rut para verificar si estaba inscrita en el registro electoral y posteriormente emit\u00eda su voto en forma secreta, siendo depositado en una urna. La intenci\u00f3n de realizar esta actividad seg\u00fan el director Mariano Arana se debe a entregar informaci\u00f3n a la comunidad y jefes de campa\u00f1as respecto de lo que refleja la comunidad a la fecha. Para realizar todo en forma transparente se invit\u00f3 a los distintos comandos a formar parte del conteo de los votos, asistiendo Lorena Herrera y Ver\u00f3nica Godoy; en representaci\u00f3n de los candidatos Sebasti\u00e1n Pi\u00f1era y Paz Oyarz\u00fan, Rafael Cifuentes; en representaci\u00f3n de los candidatos Carlos Abel Jarpa y Eduardo Frei, Jos\u00e9 Miguel Navarrete; en representaci\u00f3n de los candidatos Sebasti\u00e1n Pi\u00f1era y Rosauro Mart\u00ednez. Con un total de 165 personas encuestadas el resultado fue el siguiente:<br \/>\n<strong>Elecci\u00f3n de Presidente<\/strong><br \/>\n1.- Jorge Arrate = 10 votos (6,06%)<br \/>\n2.- Marco Enr\u00edquez-Ominami = 32 votos (19,39%)<br \/>\n3.- Sebasti\u00e1n Pi\u00f1era = 93 votos (56,36%)<br \/>\n4.- Eduardo Frei = 28 votos (16,97%)<br \/>\nBlancos = 02 (1,21%)<br \/>\n<strong>Elecciones Parlamentarias<\/strong><br \/>\n1.- Carlos Abel Jarpa = 38 votos (23,03%)<br \/>\n2.- Carlos Arzola = 17 votos (10,30%)<br \/>\n3.- Paz Oyarzun = 38 votos (23,03%)<br \/>\n4.- Rosauro Mart\u00ednez = 53 votos (32,12%)<br \/>\n5.- Abelardo Jim\u00e9nez = 2 votos (1,21%)<br \/>\n6.- Francisco Guti\u00e9rrez = 2 votos (1,21%)<br \/>\n7.- Patricia Baeza = 1 voto (0,61%)<br \/>\nNulos = 03 votos (1,82%)<br \/>\nBlancos = 11 votos (6,67%)<br \/>\n<a href=\"http:\/\/www.yungayino.cl\/noticias\/?p=2592#comments\">Comente Aqu\u00ed<\/a><br \/>\n<a href=\"http:\/\/www.flickr.com\/photos\/35577964@N04\/tags\/encuesta\/\">Fotograf\u00edas<\/a><\/font><\/p>\n","protected":false},"excerpt":{"rendered":"<p>Entre los d\u00edas 05 y 07 de diciembre, personal de Canal VTV de nuestra comuna realiz\u00f3 una encuesta en distintos puntos de Yungay, como fueron supermercados, poblaciones, plaza, etc. La pregunta que se les&#46;&#46;&#46;<\/p>\n","protected":false},"author":2,"featured_media":15181,"comment_status":"open","ping_status":"open","sticky":false,"template":"","format":"standard","meta":{"footnotes":""},"categories":[1],"tags":[1116,121,1115,122,6],"class_list":["post-2592","post","type-post","status-publish","format-standard","has-post-thumbnail","hentry","category-noticias","tag-actualidad","tag-elecciones-2009-yungay","tag-noticias","tag-vtv","tag-yungayino"],"_links":{"self":[{"href":"https:\/\/www.yungayino.cl\/noticias\/index.php?rest_route=\/wp\/v2\/posts\/2592","targetHints":{"allow":["GET"]}}],"collection":[{"href":"https:\/\/www.yungayino.cl\/noticias\/index.php?rest_route=\/wp\/v2\/posts"}],"about":[{"href":"https:\/\/www.yungayino.cl\/noticias\/index.php?rest_route=\/wp\/v2\/types\/post"}],"author":[{"embeddable":true,"href":"https:\/\/www.yungayino.cl\/noticias\/index.php?rest_route=\/wp\/v2\/users\/2"}],"replies":[{"embeddable":true,"href":"https:\/\/www.yungayino.cl\/noticias\/index.php?rest_route=%2Fwp%2Fv2%2Fcomments&post=2592"}],"version-history":[{"count":11,"href":"https:\/\/www.yungayino.cl\/noticias\/index.php?rest_route=\/wp\/v2\/posts\/2592\/revisions"}],"predecessor-version":[{"id":2606,"href":"https:\/\/www.yungayino.cl\/noticias\/index.php?rest_route=\/wp\/v2\/posts\/2592\/revisions\/2606"}],"wp:featuredmedia":[{"embeddable":true,"href":"https:\/\/www.yungayino.cl\/noticias\/index.php?rest_route=\/wp\/v2\/media\/15181"}],"wp:attachment":[{"href":"https:\/\/www.yungayino.cl\/noticias\/index.php?rest_route=%2Fwp%2Fv2%2Fmedia&parent=2592"}],"wp:term":[{"taxonomy":"category","embeddable":true,"href":"https:\/\/www.yungayino.cl\/noticias\/index.php?rest_route=%2Fwp%2Fv2%2Fcategories&post=2592"},{"taxonomy":"post_tag","embeddable":true,"href":"https:\/\/www.yungayino.cl\/noticias\/index.php?rest_route=%2Fwp%2Fv2%2Ftags&post=2592"}],"curies":[{"name":"wp","href":"https:\/\/api.w.org\/{rel}","templated":true}]}}