{"id":25929,"date":"2022-04-04T10:00:40","date_gmt":"2022-04-04T13:00:40","guid":{"rendered":"http:\/\/www.yungayino.cl\/noticias\/?p=25929"},"modified":"2022-04-04T16:03:15","modified_gmt":"2022-04-04T19:03:15","slug":"diputado-felipe-camano-pide-sesion-especial-para-solicitar-aumento-de-la-beca-de-alimentacion-junaeb","status":"publish","type":"post","link":"https:\/\/www.yungayino.cl\/noticias\/?p=25929","title":{"rendered":"Diputado Felipe Cama\u00f1o Pide Sesi\u00f3n Especial Para Solicitar Aumento de la Beca de Alimentaci\u00f3n Junaeb"},"content":{"rendered":"<p><img loading=\"lazy\" decoding=\"async\" class=\"alignnone size-full wp-image-25930\" src=\"http:\/\/www.yungayino.cl\/noticias\/wp-content\/uploads\/2022\/04\/diputado_felipe_camano.jpg\" alt=\"\" width=\"700\" height=\"350\" srcset=\"https:\/\/www.yungayino.cl\/noticias\/wp-content\/uploads\/2022\/04\/diputado_felipe_camano.jpg 700w, https:\/\/www.yungayino.cl\/noticias\/wp-content\/uploads\/2022\/04\/diputado_felipe_camano-300x150.jpg 300w\" sizes=\"auto, (max-width: 700px) 100vw, 700px\" \/><\/p>\n<p style=\"text-align: justify;\">Nacional, abril 2022: En la ocasi\u00f3n esperan conocer acciones que tomar\u00e1n las nuevas autoridades con dicha beca, cuyo monto de 32 mil mensuales no se reajusta desde el 2012, entreg\u00e1ndoles $1.600 diarios a estudiantes de educaci\u00f3n superior para alimentarse.<\/p>\n<p style=\"text-align: justify;\">El diputado Felipe Cama\u00f1o, junto a la bancada DC, ingres\u00f3 una solicitud en la secretar\u00eda de la C\u00e1mara para que se realice una Sesi\u00f3n Especial, con asistencia de los ministros de Educaci\u00f3n y de Hacienda, con el fin de \u201cpedir al gobierno que se aumente la Beca de Alimentaci\u00f3n para la Educaci\u00f3n Superior cuyo monto no se reajusta hace diez a\u00f1os\u201d.<\/p>\n<p style=\"text-align: justify;\">El diputado Cama\u00f1o explic\u00f3 que es \u201cinconcebible, por decir lo menos, que hayan transcurrido diez a\u00f1os y a\u00fan se le est\u00e9n dando los mismos $ 32 mil pesos mensuales por concepto de alimentaci\u00f3n a m\u00e1s de 500 mil estudiantes de educaci\u00f3n superior de escasos recursos mediante esta beca de Junaeb, la cual considera 20 d\u00edas de clases al mes, o sea $1.600 pesos diarios\u201d.<\/p>\n<p style=\"text-align: justify;\">\u201cClaramente los precios de los productos alimenticios han aumentado mucho en estos diez a\u00f1os y lo que se pod\u00eda comprar en 2012 con ese monto hoy ya no es lo mismo. Es inaceptable que esto est\u00e9 ocurriendo\u201d, agreg\u00f3.<\/p>\n<p style=\"text-align: justify;\">En ese sentido, el legislador afirm\u00f3 que le pedir\u00e1n directamente a los ministros citados el aumento de la beca Junaeb.<\/p>\n<p style=\"text-align: justify;\">\u201cComo pa\u00eds tenemos una deuda con nuestros estudiantes de educaci\u00f3n superior y por eso hemos pedido esta sesi\u00f3n especial a la cual estamos solicitando que se cite a los Ministros de Educaci\u00f3n y de Hacienda para pedirles directamente a ellos que se aumente dicho monto\u201d, finaliz\u00f3 el congresista.<\/p>\n","protected":false},"excerpt":{"rendered":"<p>Nacional, abril 2022: En la ocasi\u00f3n esperan conocer acciones que tomar\u00e1n las nuevas autoridades con dicha beca, cuyo monto de 32 mil mensuales no se reajusta desde el 2012, entreg\u00e1ndoles $1.600 diarios a estudiantes&#46;&#46;&#46;<\/p>\n","protected":false},"author":2,"featured_media":25930,"comment_status":"closed","ping_status":"open","sticky":false,"template":"","format":"standard","meta":{"footnotes":""},"categories":[3,1],"tags":[2585,2586,502,1115,8,6,117],"class_list":["post-25929","post","type-post","status-publish","format-standard","has-post-thumbnail","hentry","category-actualidad","category-noticias","tag-diputado","tag-felipe-camano","tag-junaeb","tag-noticias","tag-yungay","tag-yungayino","tag-yungayinocl"],"_links":{"self":[{"href":"https:\/\/www.yungayino.cl\/noticias\/index.php?rest_route=\/wp\/v2\/posts\/25929","targetHints":{"allow":["GET"]}}],"collection":[{"href":"https:\/\/www.yungayino.cl\/noticias\/index.php?rest_route=\/wp\/v2\/posts"}],"about":[{"href":"https:\/\/www.yungayino.cl\/noticias\/index.php?rest_route=\/wp\/v2\/types\/post"}],"author":[{"embeddable":true,"href":"https:\/\/www.yungayino.cl\/noticias\/index.php?rest_route=\/wp\/v2\/users\/2"}],"replies":[{"embeddable":true,"href":"https:\/\/www.yungayino.cl\/noticias\/index.php?rest_route=%2Fwp%2Fv2%2Fcomments&post=25929"}],"version-history":[{"count":2,"href":"https:\/\/www.yungayino.cl\/noticias\/index.php?rest_route=\/wp\/v2\/posts\/25929\/revisions"}],"predecessor-version":[{"id":25932,"href":"https:\/\/www.yungayino.cl\/noticias\/index.php?rest_route=\/wp\/v2\/posts\/25929\/revisions\/25932"}],"wp:featuredmedia":[{"embeddable":true,"href":"https:\/\/www.yungayino.cl\/noticias\/index.php?rest_route=\/wp\/v2\/media\/25930"}],"wp:attachment":[{"href":"https:\/\/www.yungayino.cl\/noticias\/index.php?rest_route=%2Fwp%2Fv2%2Fmedia&parent=25929"}],"wp:term":[{"taxonomy":"category","embeddable":true,"href":"https:\/\/www.yungayino.cl\/noticias\/index.php?rest_route=%2Fwp%2Fv2%2Fcategories&post=25929"},{"taxonomy":"post_tag","embeddable":true,"href":"https:\/\/www.yungayino.cl\/noticias\/index.php?rest_route=%2Fwp%2Fv2%2Ftags&post=25929"}],"curies":[{"name":"wp","href":"https:\/\/api.w.org\/{rel}","templated":true}]}}