{"id":25945,"date":"2022-04-12T07:00:03","date_gmt":"2022-04-12T10:00:03","guid":{"rendered":"http:\/\/www.yungayino.cl\/noticias\/?p=25945"},"modified":"2022-04-11T17:23:07","modified_gmt":"2022-04-11T20:23:07","slug":"con-mas-de-1600-cupos-a-nivel-regional-fosis-lanza-postulaciones-a-programas-yo-emprendo","status":"publish","type":"post","link":"https:\/\/www.yungayino.cl\/noticias\/?p=25945","title":{"rendered":"Con M\u00e1s de 1600 Cupos a Nivel Regional, FOSIS Lanza Postulaciones a Programas Yo Emprendo"},"content":{"rendered":"<p><img loading=\"lazy\" decoding=\"async\" class=\"alignnone size-full wp-image-25946\" src=\"http:\/\/www.yungayino.cl\/noticias\/wp-content\/uploads\/2022\/04\/1-1.jpg\" alt=\"\" width=\"700\" height=\"350\" srcset=\"https:\/\/www.yungayino.cl\/noticias\/wp-content\/uploads\/2022\/04\/1-1.jpg 700w, https:\/\/www.yungayino.cl\/noticias\/wp-content\/uploads\/2022\/04\/1-1-300x150.jpg 300w\" sizes=\"auto, (max-width: 700px) 100vw, 700px\" \/><\/p>\n<p style=\"text-align: justify;\">Nacional, abril 2022: Hasta el 20 de abril estar\u00e1n abiertas las postulaciones para acceder a los programas Yo Emprendo Semilla B\u00e1sico y Avanzado. Dado el contexto sanitario, las postulaciones ser\u00e1n a trav\u00e9s de la plataforma \u00a0<a href=\"http:\/\/www.fosis.gob.cl\">www.fosis.gob.cl<\/a>.<\/p>\n<p style=\"text-align: justify;\">Junto a Gabriela Mansilla, emprendedora chillaneja de \u201cTejidos a Crochet\u201d, el Delegado Presidencial Regional, Claudio Ferrada, y la Seremi de Desarrollo Social y Familia, Marta Carvajal, llevaron a cabo el lanzamiento regional de las postulaciones 2022 a los programas de Emprendimiento de FOSIS.<\/p>\n<p style=\"text-align: justify;\">Con un total de 29.346 cupos en el pa\u00eds y una inversi\u00f3n de m\u00e1s de $25 mil millones, el FOSIS tendr\u00e1 alternativas tanto para personas que tienen un peque\u00f1o emprendimiento, como para aquellas que tienen una idea de negocio. Estos programas contemplan capacitaci\u00f3n, acompa\u00f1amiento y la entrega de un capital inicial, que puede llegar hasta los $650.000.<\/p>\n<p style=\"text-align: justify;\">\u201cLa misi\u00f3n de nuestro Gobierno, del Presidente Gabriel Boric, es ir en la direcci\u00f3n de profundizar este tipo de programas, aumentar la cobertura, aumentar los ingresos y la participaci\u00f3n, por lo que hacemos un llamado para que pueda postular la gente de \u00d1uble, ya que son m\u00e1s de 1600 los cupos disponibles para nuestra regi\u00f3n\u201d, sostuvo en la ocasi\u00f3n, el Delegado Presidencial Regional, Claudio Ferrada.<\/p>\n<p style=\"text-align: justify;\">La Seremi de Desarrollo Social y Familia, Marta Carvajal, expres\u00f3, en tanto, que\u00a0 \u201choy d\u00eda \u00a0se abren m\u00e1s de 29 mil cupos \u00a0a nivel pa\u00eds y queremos contarles que la forma de postular \u00a0va a ser por plataforma web, en <a href=\"http:\/\/www.fosis.gob.cl\">www.fosis.gob.cl<\/a>,\u00a0 donde vamos a tener \u00a0un link y espacios para que la gente pueda postular de manera segura; \u00a0adem\u00e1s, hay espacios telef\u00f3nicos que van a favorecer la postulaci\u00f3n, \u00a0para llegar a toda la ciudadan\u00eda \u00a0y\u00a0 no solo a\u00a0 quienes cuenten con acceso a internet, es un numero\u00a0 800,\u00a0 por lo tanto es gratuito, es el 800 515 200,\u00a0 por medio del cual pueden postular a los Programas Yo Emprendo en sus versiones Yo Emprendo Semilla, \u00a0B\u00e1sico y Avanzado\u201d, \u00a0afirm\u00f3 la autoridad.<\/p>\n<p style=\"text-align: justify;\">\u201cEstos programas de Emprendimiento se han transformado en un espacio y en una herramienta para que principalmente mujeres puedan favorecer su autonom\u00eda econ\u00f3mica y mantener la econom\u00eda familiar, \u00a0\u00a0que es donde tambi\u00e9n nuestro Presidente, Gabriel Boric, quiere poner el foco, en continuar potenciando el desarrollo de nuestras mujeres que en este proceso de pandemia han sido las m\u00e1s golpeadas por la econom\u00eda y por los contextos sociales que ha tra\u00eddo tambi\u00e9n\u201d, agreg\u00f3 la Seremi.<\/p>\n<p style=\"text-align: justify;\">Gabriela Mansilla, emprendedora que particip\u00f3 del lanzamiento, \u00a0se\u00f1al\u00f3 que \u201ctengo solo agradecimientos para Fosis \u201cporque yo en 2019 postul\u00e9 al Yo Emprendo B\u00e1sico, donde me dieron capacitaci\u00f3n y\u00a0 pude comprar toda la plata en insumos porque yo no habr\u00eda tenido de d\u00f3nde sacar esa cantidad de plata\u00a0 y ah\u00ed est\u00e1 la muestra de lo que yo hago, yo tejo a crochet,\u00a0 desde muy chica,\u00a0 me encanta lo que hago y es una herramienta que me ha permitido participar en ferias y tener materia prima para poder producir\u201d.<\/p>\n<p style=\"text-align: justify;\">Entre los requisitos para postular se encuentran ser mayor de 18 a\u00f1os, estar dentro del 40% de mayor vulnerabilidad, de acuerdo al Registro Social de Hogares, tener c\u00e9dula de identidad y Clave \u00fanica. Para postular, se debe ingresar a <a href=\"http:\/\/www.fosis.gob.cl\">www.fosis.gob.cl<\/a> con Clave \u00danica, y luego completar un formulario simplificado y adaptado para dispositivos m\u00f3viles.<\/p>\n<p style=\"text-align: justify;\">Adem\u00e1s, el sitio web cuenta con un asistente virtual y se puede pedir orientaci\u00f3n enviando un mensaje al <strong>WhatsApp +569 4595 0011<\/strong>. Para quienes no puedan acceder a estos canales, tambi\u00e9n habr\u00e1 un tel\u00e9fono gratuito, <strong>800 515 200<\/strong>, o pueden acercarse a las municipalidades y oficinas regionales del FOSIS.<\/p>\n","protected":false},"excerpt":{"rendered":"<p>Nacional, abril 2022: Hasta el 20 de abril estar\u00e1n abiertas las postulaciones para acceder a los programas Yo Emprendo Semilla B\u00e1sico y Avanzado. Dado el contexto sanitario, las postulaciones ser\u00e1n a trav\u00e9s de la&#46;&#46;&#46;<\/p>\n","protected":false},"author":2,"featured_media":25946,"comment_status":"closed","ping_status":"open","sticky":false,"template":"","format":"standard","meta":{"footnotes":""},"categories":[1],"tags":[123,1115,1567,8,6],"class_list":["post-25945","post","type-post","status-publish","format-standard","has-post-thumbnail","hentry","category-noticias","tag-fosis","tag-noticias","tag-yunagyino-cl","tag-yungay","tag-yungayino"],"_links":{"self":[{"href":"https:\/\/www.yungayino.cl\/noticias\/index.php?rest_route=\/wp\/v2\/posts\/25945","targetHints":{"allow":["GET"]}}],"collection":[{"href":"https:\/\/www.yungayino.cl\/noticias\/index.php?rest_route=\/wp\/v2\/posts"}],"about":[{"href":"https:\/\/www.yungayino.cl\/noticias\/index.php?rest_route=\/wp\/v2\/types\/post"}],"author":[{"embeddable":true,"href":"https:\/\/www.yungayino.cl\/noticias\/index.php?rest_route=\/wp\/v2\/users\/2"}],"replies":[{"embeddable":true,"href":"https:\/\/www.yungayino.cl\/noticias\/index.php?rest_route=%2Fwp%2Fv2%2Fcomments&post=25945"}],"version-history":[{"count":2,"href":"https:\/\/www.yungayino.cl\/noticias\/index.php?rest_route=\/wp\/v2\/posts\/25945\/revisions"}],"predecessor-version":[{"id":25948,"href":"https:\/\/www.yungayino.cl\/noticias\/index.php?rest_route=\/wp\/v2\/posts\/25945\/revisions\/25948"}],"wp:featuredmedia":[{"embeddable":true,"href":"https:\/\/www.yungayino.cl\/noticias\/index.php?rest_route=\/wp\/v2\/media\/25946"}],"wp:attachment":[{"href":"https:\/\/www.yungayino.cl\/noticias\/index.php?rest_route=%2Fwp%2Fv2%2Fmedia&parent=25945"}],"wp:term":[{"taxonomy":"category","embeddable":true,"href":"https:\/\/www.yungayino.cl\/noticias\/index.php?rest_route=%2Fwp%2Fv2%2Fcategories&post=25945"},{"taxonomy":"post_tag","embeddable":true,"href":"https:\/\/www.yungayino.cl\/noticias\/index.php?rest_route=%2Fwp%2Fv2%2Ftags&post=25945"}],"curies":[{"name":"wp","href":"https:\/\/api.w.org\/{rel}","templated":true}]}}