{"id":25959,"date":"2022-04-11T16:00:36","date_gmt":"2022-04-11T19:00:36","guid":{"rendered":"http:\/\/www.yungayino.cl\/noticias\/?p=25959"},"modified":"2022-04-11T17:21:41","modified_gmt":"2022-04-11T20:21:41","slug":"inti-illimani-pastizal-y-conjunto-folclorico-palomar-se-presentaron-en-yungay","status":"publish","type":"post","link":"https:\/\/www.yungayino.cl\/noticias\/?p=25959","title":{"rendered":"Inti-Illimani, Pastizal y Conjunto Folcl\u00f3rico Palomar se Presentaron en Yungay"},"content":{"rendered":"<p><img loading=\"lazy\" decoding=\"async\" class=\"alignnone size-full wp-image-25960\" src=\"http:\/\/www.yungayino.cl\/noticias\/wp-content\/uploads\/2022\/04\/portada-1.jpg\" alt=\"\" width=\"700\" height=\"350\" srcset=\"https:\/\/www.yungayino.cl\/noticias\/wp-content\/uploads\/2022\/04\/portada-1.jpg 700w, https:\/\/www.yungayino.cl\/noticias\/wp-content\/uploads\/2022\/04\/portada-1-300x150.jpg 300w\" sizes=\"auto, (max-width: 700px) 100vw, 700px\" \/><\/p>\n<p style=\"text-align: justify;\">Yungay, abril 2022: Inti-Illimani, Pastizal y El Conjunto Folcl\u00f3rico Palomar se presentaron este s\u00e1bado 9 de abril en nuestra comuna, evento denominado Fiesta de la Cultura y que fue organizado por el Municipio Yungayino, donde hay que destacar que estaba pendiente como parte de las actividades del aniversario de Yungay del pasado mes de enero y que hab\u00eda sido suspendido por la Pandemia.<\/p>\n<p style=\"text-align: justify;\">La jornada cultural se inici\u00f3 con la participaci\u00f3n del <strong>Conjunto Folcl\u00f3rico Palomar<\/strong> de Chillan, agrupaci\u00f3n que naci\u00f3 el 06 de junio de 1983 compuesto por un grupo de funcionarios de Correos de Chile \u2013 Chill\u00e1n y que en la actualidad est\u00e1 formado por 22 integrantes de amigos y familiares, el cual est\u00e1 bajo la direcci\u00f3n musical de Constanza V\u00e1squez Z\u00fa\u00f1iga.<\/p>\n<p style=\"text-align: justify;\">Los j\u00f3venes Maura Cifuentes y Diego Fuentealba, deleitaron a los presentes con nuestro baile nacional.<\/p>\n<p style=\"text-align: justify;\">Luego fue el turno de la Banda Local <strong>Pastizal<\/strong> formada por m\u00fasicos Yungayinos, con a\u00f1os de trayectoria y conocidos en el ambiente musical, pertenecientes a diferentes bandas que pasaron por la escena musical yungayina y que en la actualidad est\u00e1 formada\u00a0 por Jonathan Soto en el bajo, Miguel Godoy en la guitarra, Francisco Mu\u00f1oz en bater\u00eda y Cristopher Soto en la voz, quienes deleitaron al p\u00fablico presente con su rock templado.<\/p>\n<p style=\"text-align: justify;\">La jornada la cerr\u00f3 el destacado Grupo <strong>Inti-Illimani<\/strong>, liderado por Jorge Coulon, quienes presentaron sus mejores temas y parte de su larga discograf\u00eda realizada a trav\u00e9s de sus m\u00e1s de 50 a\u00f1os de trayectoria nacional e internacional.<\/p>\n<p style=\"text-align: justify;\">Finalmente destacar que este show cultural estuvo animado el yungayino <strong>Danilo Schlegel <\/strong>y que Mathieu Producciones fue la empresa encargada de la puesta en escena, sonido y montaje audiovisual.<\/p>\n<p>&nbsp;<\/p>\n<p style=\"text-align: justify;\">[su_button url=\u00bbhttps:\/\/web.facebook.com\/media\/set\/?vanity=yungayino.cl&amp;set=a.5582403608441299&#8243; target=\u00bbblank\u00bb size=\u00bb7&#8243; radius=\u00bbround\u00bb icon=\u00bbicon: facebook-square\u00bb]FOTOGRAF\u00cdAS &#8211; Inti-Illimani, Pastizal y Conjunto Folcl\u00f3rico Palomar se Presentaron en Yungay[\/su_button]<\/p>\n","protected":false},"excerpt":{"rendered":"<p>Yungay, abril 2022: Inti-Illimani, Pastizal y El Conjunto Folcl\u00f3rico Palomar se presentaron este s\u00e1bado 9 de abril en nuestra comuna, evento denominado Fiesta de la Cultura y que fue organizado por el Municipio Yungayino,&#46;&#46;&#46;<\/p>\n","protected":false},"author":2,"featured_media":25960,"comment_status":"closed","ping_status":"open","sticky":false,"template":"","format":"standard","meta":{"footnotes":""},"categories":[1],"tags":[1253,1115,2588,1890,8,6,117],"class_list":["post-25959","post","type-post","status-publish","format-standard","has-post-thumbnail","hentry","category-noticias","tag-inti-illimani","tag-noticias","tag-palomar","tag-pastizal","tag-yungay","tag-yungayino","tag-yungayinocl"],"_links":{"self":[{"href":"https:\/\/www.yungayino.cl\/noticias\/index.php?rest_route=\/wp\/v2\/posts\/25959","targetHints":{"allow":["GET"]}}],"collection":[{"href":"https:\/\/www.yungayino.cl\/noticias\/index.php?rest_route=\/wp\/v2\/posts"}],"about":[{"href":"https:\/\/www.yungayino.cl\/noticias\/index.php?rest_route=\/wp\/v2\/types\/post"}],"author":[{"embeddable":true,"href":"https:\/\/www.yungayino.cl\/noticias\/index.php?rest_route=\/wp\/v2\/users\/2"}],"replies":[{"embeddable":true,"href":"https:\/\/www.yungayino.cl\/noticias\/index.php?rest_route=%2Fwp%2Fv2%2Fcomments&post=25959"}],"version-history":[{"count":4,"href":"https:\/\/www.yungayino.cl\/noticias\/index.php?rest_route=\/wp\/v2\/posts\/25959\/revisions"}],"predecessor-version":[{"id":25964,"href":"https:\/\/www.yungayino.cl\/noticias\/index.php?rest_route=\/wp\/v2\/posts\/25959\/revisions\/25964"}],"wp:featuredmedia":[{"embeddable":true,"href":"https:\/\/www.yungayino.cl\/noticias\/index.php?rest_route=\/wp\/v2\/media\/25960"}],"wp:attachment":[{"href":"https:\/\/www.yungayino.cl\/noticias\/index.php?rest_route=%2Fwp%2Fv2%2Fmedia&parent=25959"}],"wp:term":[{"taxonomy":"category","embeddable":true,"href":"https:\/\/www.yungayino.cl\/noticias\/index.php?rest_route=%2Fwp%2Fv2%2Fcategories&post=25959"},{"taxonomy":"post_tag","embeddable":true,"href":"https:\/\/www.yungayino.cl\/noticias\/index.php?rest_route=%2Fwp%2Fv2%2Ftags&post=25959"}],"curies":[{"name":"wp","href":"https:\/\/api.w.org\/{rel}","templated":true}]}}