{"id":25966,"date":"2022-04-13T07:00:25","date_gmt":"2022-04-13T10:00:25","guid":{"rendered":"http:\/\/www.yungayino.cl\/noticias\/?p=25966"},"modified":"2022-04-12T16:23:24","modified_gmt":"2022-04-12T19:23:24","slug":"diputado-felipe-camano-y-alcaldes-de-nuble-se-reunen-con-ministro-de-vivienda-por-montos-de-subsidios","status":"publish","type":"post","link":"https:\/\/www.yungayino.cl\/noticias\/?p=25966","title":{"rendered":"Diputado Felipe Cama\u00f1o y Alcaldes de \u00d1uble se Re\u00fanen con Ministro de Vivienda por Montos de Subsidios"},"content":{"rendered":"<p><img loading=\"lazy\" decoding=\"async\" class=\"alignnone size-full wp-image-25967\" src=\"http:\/\/www.yungayino.cl\/noticias\/wp-content\/uploads\/2022\/04\/felipe_camano.jpg\" alt=\"\" width=\"700\" height=\"351\" srcset=\"https:\/\/www.yungayino.cl\/noticias\/wp-content\/uploads\/2022\/04\/felipe_camano.jpg 700w, https:\/\/www.yungayino.cl\/noticias\/wp-content\/uploads\/2022\/04\/felipe_camano-300x150.jpg 300w, https:\/\/www.yungayino.cl\/noticias\/wp-content\/uploads\/2022\/04\/felipe_camano-299x150.jpg 299w\" sizes=\"auto, (max-width: 700px) 100vw, 700px\" \/><\/p>\n<p style=\"text-align: justify;\">Abril, 2022: Autoridad comunal solicitaron formalmente aumento de monto de subsidios para su comuna.<\/p>\n<p style=\"text-align: justify;\">El diputado Felipe Cama\u00f1o, junto a los alcaldes de Bulnes, Guillermo Yeber; Quill\u00f3n, Miguel Pe\u00f1a; Ninhue, Luis Molina y Chill\u00e1n Viejo, Jorge Del Pozo, se reunieron con el Ministro de Vivienda para tratar tema de Aumento de subsidios en la regi\u00f3n.<\/p>\n<p style=\"text-align: justify;\">El diputado Cama\u00f1o le se\u00f1al\u00f3 al Ministro Montes, que su cartera aumente los montos de subsidios correspondiente al programa del Minvu denominado Fondo solidario de Elecci\u00f3n de Vivienda, ya que estos proyectos consideran un subsidio para financiar la obra de construcci\u00f3n y el terreno.<\/p>\n<p style=\"text-align: justify;\">Agregando que: \u201cPor ejemplo, el Monto del subsidio base de Bulnes es de 363 UF y el de Chill\u00e1n es de 453. Si la diferencia est\u00e1 relacionada al precio del terreno, el que se define a trav\u00e9s de una tasaci\u00f3n de mercado validada por Serviu, se puede dar en la mayor\u00eda de los casos, una diferencia de subsidio mayor a la diferencia de precio del terreno, gener\u00e1ndose una desigualdad\u201d se\u00f1al\u00f3 el alcalde. .<\/p>\n<p style=\"text-align: justify;\">En tanto el alcalde de Bulnes, Guillermo Yeber indic\u00f3 \u201ccreemos que el Minvu debe aumentar los subsidios ya que este monto genera desincentivo al desarrollo de nuevos proyectos, sobre todo en el contexto actual de aumento de costos de construcci\u00f3n. Las empresas constructoras nos se\u00f1alan que se ha generado un aumento de precios de insumos y costo de mano de obra, mayor al aumento del IPC\u201d.<\/p>\n","protected":false},"excerpt":{"rendered":"<p>Abril, 2022: Autoridad comunal solicitaron formalmente aumento de monto de subsidios para su comuna. El diputado Felipe Cama\u00f1o, junto a los alcaldes de Bulnes, Guillermo Yeber; Quill\u00f3n, Miguel Pe\u00f1a; Ninhue, Luis Molina y Chill\u00e1n&#46;&#46;&#46;<\/p>\n","protected":false},"author":2,"featured_media":25967,"comment_status":"closed","ping_status":"open","sticky":false,"template":"","format":"standard","meta":{"footnotes":""},"categories":[1],"tags":[2585,2586,1115,1678,8,6,117],"class_list":["post-25966","post","type-post","status-publish","format-standard","has-post-thumbnail","hentry","category-noticias","tag-diputado","tag-felipe-camano","tag-noticias","tag-nuble","tag-yungay","tag-yungayino","tag-yungayinocl"],"_links":{"self":[{"href":"https:\/\/www.yungayino.cl\/noticias\/index.php?rest_route=\/wp\/v2\/posts\/25966","targetHints":{"allow":["GET"]}}],"collection":[{"href":"https:\/\/www.yungayino.cl\/noticias\/index.php?rest_route=\/wp\/v2\/posts"}],"about":[{"href":"https:\/\/www.yungayino.cl\/noticias\/index.php?rest_route=\/wp\/v2\/types\/post"}],"author":[{"embeddable":true,"href":"https:\/\/www.yungayino.cl\/noticias\/index.php?rest_route=\/wp\/v2\/users\/2"}],"replies":[{"embeddable":true,"href":"https:\/\/www.yungayino.cl\/noticias\/index.php?rest_route=%2Fwp%2Fv2%2Fcomments&post=25966"}],"version-history":[{"count":1,"href":"https:\/\/www.yungayino.cl\/noticias\/index.php?rest_route=\/wp\/v2\/posts\/25966\/revisions"}],"predecessor-version":[{"id":25968,"href":"https:\/\/www.yungayino.cl\/noticias\/index.php?rest_route=\/wp\/v2\/posts\/25966\/revisions\/25968"}],"wp:featuredmedia":[{"embeddable":true,"href":"https:\/\/www.yungayino.cl\/noticias\/index.php?rest_route=\/wp\/v2\/media\/25967"}],"wp:attachment":[{"href":"https:\/\/www.yungayino.cl\/noticias\/index.php?rest_route=%2Fwp%2Fv2%2Fmedia&parent=25966"}],"wp:term":[{"taxonomy":"category","embeddable":true,"href":"https:\/\/www.yungayino.cl\/noticias\/index.php?rest_route=%2Fwp%2Fv2%2Fcategories&post=25966"},{"taxonomy":"post_tag","embeddable":true,"href":"https:\/\/www.yungayino.cl\/noticias\/index.php?rest_route=%2Fwp%2Fv2%2Ftags&post=25966"}],"curies":[{"name":"wp","href":"https:\/\/api.w.org\/{rel}","templated":true}]}}