{"id":25969,"date":"2022-04-14T07:00:30","date_gmt":"2022-04-14T10:00:30","guid":{"rendered":"http:\/\/www.yungayino.cl\/noticias\/?p=25969"},"modified":"2022-04-12T16:25:35","modified_gmt":"2022-04-12T19:25:35","slug":"sercotec-lanza-programa-digitaliza-tu-almacen","status":"publish","type":"post","link":"https:\/\/www.yungayino.cl\/noticias\/?p=25969","title":{"rendered":"Sercotec Lanza Programa Digitaliza tu Almac\u00e9n"},"content":{"rendered":"<p><img loading=\"lazy\" decoding=\"async\" class=\"alignnone size-full wp-image-25970\" src=\"http:\/\/www.yungayino.cl\/noticias\/wp-content\/uploads\/2022\/04\/sercotec.jpg\" alt=\"\" width=\"700\" height=\"308\" srcset=\"https:\/\/www.yungayino.cl\/noticias\/wp-content\/uploads\/2022\/04\/sercotec.jpg 700w, https:\/\/www.yungayino.cl\/noticias\/wp-content\/uploads\/2022\/04\/sercotec-300x132.jpg 300w, https:\/\/www.yungayino.cl\/noticias\/wp-content\/uploads\/2022\/04\/sercotec-341x150.jpg 341w\" sizes=\"auto, (max-width: 700px) 100vw, 700px\" \/><\/p>\n<p style=\"text-align: justify;\">\u00d1uble, abril 2022: Para \u00d1uble se destinaron <strong>$66.327.400 <\/strong>con lo cual se pretende beneficiar a <strong>24<\/strong> almacenes.<\/p>\n<p style=\"text-align: justify;\">Este programa, #DigitalizaTuAlmac\u00e9n (450 negocios en todo Chile), permite a los comerciantes de negocios de barrio implementar acciones y tecnolog\u00edas con el fin de mejorar la atenci\u00f3n a sus clientes.<\/p>\n<p style=\"text-align: justify;\">La convocatoria se extender\u00e1 desde el 12 de abril hasta el viernes 22 de abril, mayor informaci\u00f3n en <a href=\"http:\/\/www.sercotec.cl\/digitaliza-tu-almacen-region-de-nuble-2022\/\">www.sercotec.cl\/digitaliza-tu-almacen-region-de-nuble-2022\/<\/a><\/p>\n<p style=\"text-align: justify;\">Se abri\u00f3 la postulaci\u00f3n para que almaceneros y almaceneras de todo el pa\u00eds puedan digitalizar sus negocios. Los beneficiarios de este subsidio contar\u00e1n con 2.350.000 para incorporar tecnolog\u00edas digitales que les permitir\u00e1n aumentar sus ventas y modernizar sus almacenes.<\/p>\n<p style=\"text-align: justify;\">Respecto a esta nueva convocatoria, el Director Nacional de Sercotec, Bruno Trisotti coment\u00f3: \u201cHemos visto en terreno c\u00f3mo el programa Digitaliza tu Almac\u00e9n le ha cambiado la cara y ha optimizado el trabajo de muchos negocios. A trav\u00e9s de este subsidio podr\u00e1n capacitarse e invertir en acciones de marketing e implementar tecnolog\u00edas digitales con el fin de mejorar la atenci\u00f3n de sus clientes. Sabemos cu\u00e1nto necesitan este apoyo, porque son la primera l\u00ednea de abastecimiento en muchos barrios de nuestro pa\u00eds y forman parte del ADN de muchas familias. Invito a los almaceneros y almaceneras de Chile a postular, porque hoy m\u00e1s que nunca deben incorporar estas herramientas digitales que les servir\u00e1n para optimizar sus tiempos, aumentar ventas y llegar a m\u00e1s clientes\u201d.<\/p>\n<p style=\"text-align: justify;\">H\u00e9ctor Garrido, seremi de Econom\u00eda coment\u00f3: \u201cComo Ministerio queremos impulsar a los microempresarios de la regi\u00f3n, y por eso que hemos encauzado nuestro programa de gobierno para brindar apoyo que permita utilizar de manera eficaz y eficiente los instrumentos y recursos digitales que est\u00e1n a disposici\u00f3n para contribuir al crecimiento de los negocios.<\/p>\n<p style=\"text-align: justify;\">Iniciativas como \u00e9stas sirven para fomentar las habilidades y aptitudes de los emprendedores e ir acerc\u00e1ndolos cada d\u00eda m\u00e1s a la tecnolog\u00eda\u00bb.<\/p>\n<p style=\"text-align: justify;\">Digitaliza Tu Almac\u00e9n, busca acercar las nuevas tecnolog\u00edas como digitalizaci\u00f3n para el control de inventario, lector de c\u00f3digo de barras, boleta electr\u00f3nica, entre otros, a todos aquellos negocios que est\u00e1n m\u00e1s cerca de las familias chilenas. Con este programa pueden acceder a implementar: Digitalizar el punto de venta (POS), Pago electr\u00f3nico, implementar el Control de inventario y facturaci\u00f3n; Boleta Electr\u00f3nica; compra de Caja Registradora y al mismo tiempo acceder a una asesor\u00eda especializada en temas financieros, contable, marketing, ventas, legal y desarrollo tecnol\u00f3gico.<\/p>\n<p style=\"text-align: justify;\">Tambi\u00e9n los almaceneros podr\u00e1n acceder a una serie de capacitaciones para potenciar a\u00fan m\u00e1s sus negocios, adquirir art\u00edculos promocionales como letrero exterior, bolsas ecol\u00f3gicas y papeler\u00eda; m\u00e1quinas cortadoras de cecinas, vitrinas refrigeradas; mejorar la infraestructura luminaria, sanitaria y fachada de su almac\u00e9n. Adem\u00e1s, de poder comprar materiales para la construcci\u00f3n de mesones o repisas; implementar sistemas de climatizaci\u00f3n y toldos. Y finalmente, podr\u00e1n acceder a tener nuevas contrataciones o nuevos arriendos; compra de mercader\u00eda y materiales.<\/p>\n<p style=\"text-align: justify;\">Es importante se\u00f1alar que el Almac\u00e9n beneficiado tendr\u00e1 que aportar obligatoriamente el porcentaje de aporte empresarial definido por cada Direcci\u00f3n Regional de Sercotec, en el caso de \u00d1uble ser\u00e1 del 15%.<\/p>\n<p style=\"text-align: justify;\">Cabe destacar que en Chile hay 146.000 almacenes lo que representa el 40% de ventas del sector comercio, entre tiendas de abarrotes, botiller\u00edas y negocios de barrio. Adem\u00e1s, desde Sercotec destacan que desde el 2016 a la fecha han apoyado a 3.958 almacenes, de los cuales el 75% son liderados por mujeres y que este a\u00f1o cuentan con $1.293 millones para apoyar a 450 almacenes a nivel nacional. Las postulaciones son a partir del martes 12 de abril a las 12:00 horas, hasta el viernes 22 de abril a las 15:00 horas, en el sitio <a href=\"http:\/\/www.sercotec.cl\/digitaliza-tu-almacen-region-de-nuble-2022\/\">www.sercotec.cl\/digitaliza-tu-almacen-region-de-nuble-2022\/<\/a><\/p>\n<p style=\"text-align: justify;\"><strong>\u00bfC\u00f3mo postular a Digitaliza tu Almac\u00e9n?<\/strong><\/p>\n<ol>\n<li style=\"text-align: justify;\">Ingresar a <a href=\"http:\/\/www.sercotec.cl\">www.sercotec.cl<\/a> y estar suscrito en el curso de capacitaci\u00f3n en l\u00ednea Almacenes de Chile, disponible en <a href=\"http:\/\/capacitacion.sercotec.cl\">http:\/\/capacitacion.sercotec.cl<\/a> Complete y env\u00ede el formulario de postulaci\u00f3n de Digitaliza tu Almac\u00e9n.<\/li>\n<li style=\"text-align: justify;\">Ser persona natural o jur\u00eddica, con iniciaci\u00f3n de actividades en primera categor\u00eda, superior a 12 meses ante el Servicio de Impuestos Internos (SII).<\/li>\n<li style=\"text-align: justify;\">Demostrar ventas netas anuales inferiores o iguales a 5.000 UF.<\/li>\n<li style=\"text-align: justify;\">Tener giro o desarrollar una actividad asociada al rubro almac\u00e9n. No obstante, durante la evaluaci\u00f3n t\u00e9cnica en terreno, se validar\u00e1 nuevamente esta condici\u00f3n, pudiendo no continuar en el proceso, en el caso que se detecte su incumplimiento.<\/li>\n<li style=\"text-align: justify;\">No tener deudas laborales y\/o previsionales, ni multas impagas a la fecha de cierre de las postulaciones. Sercotec validar\u00e1 nuevamente esta condici\u00f3n al momento de formalizar.<\/li>\n<li style=\"text-align: justify;\">El proyecto debe considerar inversiones, acciones de gesti\u00f3n empresarial y aporte empresarial. Los montos deben ajustarse a los topes descritos en las bases de convocatoria.<\/li>\n<li style=\"text-align: justify;\">No haber sido beneficiado de una convocatoria anterior del Programa Almacenes de Chile; Fondo Concursable Digitaliza tu Almac\u00e9n.<\/li>\n<li style=\"text-align: justify;\">No haber sido beneficiario\/a de una convocatoria Crece 2022, cualquier fuente de financiamiento. La Direcci\u00f3n Regional de Sercotec validar\u00e1 nuevamente esta condici\u00f3n al momento de formalizar.<\/li>\n<\/ol>\n","protected":false},"excerpt":{"rendered":"<p>\u00d1uble, abril 2022: Para \u00d1uble se destinaron $66.327.400 con lo cual se pretende beneficiar a 24 almacenes. Este programa, #DigitalizaTuAlmac\u00e9n (450 negocios en todo Chile), permite a los comerciantes de negocios de barrio implementar&#46;&#46;&#46;<\/p>\n","protected":false},"author":2,"featured_media":25970,"comment_status":"closed","ping_status":"open","sticky":false,"template":"","format":"standard","meta":{"footnotes":""},"categories":[1],"tags":[1115,1678,160,8,6,117],"class_list":["post-25969","post","type-post","status-publish","format-standard","has-post-thumbnail","hentry","category-noticias","tag-noticias","tag-nuble","tag-sercotec","tag-yungay","tag-yungayino","tag-yungayinocl"],"_links":{"self":[{"href":"https:\/\/www.yungayino.cl\/noticias\/index.php?rest_route=\/wp\/v2\/posts\/25969","targetHints":{"allow":["GET"]}}],"collection":[{"href":"https:\/\/www.yungayino.cl\/noticias\/index.php?rest_route=\/wp\/v2\/posts"}],"about":[{"href":"https:\/\/www.yungayino.cl\/noticias\/index.php?rest_route=\/wp\/v2\/types\/post"}],"author":[{"embeddable":true,"href":"https:\/\/www.yungayino.cl\/noticias\/index.php?rest_route=\/wp\/v2\/users\/2"}],"replies":[{"embeddable":true,"href":"https:\/\/www.yungayino.cl\/noticias\/index.php?rest_route=%2Fwp%2Fv2%2Fcomments&post=25969"}],"version-history":[{"count":2,"href":"https:\/\/www.yungayino.cl\/noticias\/index.php?rest_route=\/wp\/v2\/posts\/25969\/revisions"}],"predecessor-version":[{"id":25972,"href":"https:\/\/www.yungayino.cl\/noticias\/index.php?rest_route=\/wp\/v2\/posts\/25969\/revisions\/25972"}],"wp:featuredmedia":[{"embeddable":true,"href":"https:\/\/www.yungayino.cl\/noticias\/index.php?rest_route=\/wp\/v2\/media\/25970"}],"wp:attachment":[{"href":"https:\/\/www.yungayino.cl\/noticias\/index.php?rest_route=%2Fwp%2Fv2%2Fmedia&parent=25969"}],"wp:term":[{"taxonomy":"category","embeddable":true,"href":"https:\/\/www.yungayino.cl\/noticias\/index.php?rest_route=%2Fwp%2Fv2%2Fcategories&post=25969"},{"taxonomy":"post_tag","embeddable":true,"href":"https:\/\/www.yungayino.cl\/noticias\/index.php?rest_route=%2Fwp%2Fv2%2Ftags&post=25969"}],"curies":[{"name":"wp","href":"https:\/\/api.w.org\/{rel}","templated":true}]}}