{"id":25977,"date":"2022-04-16T07:00:43","date_gmt":"2022-04-16T10:00:43","guid":{"rendered":"http:\/\/www.yungayino.cl\/noticias\/?p=25977"},"modified":"2022-04-12T16:30:57","modified_gmt":"2022-04-12T19:30:57","slug":"injuv-financiara-hasta-con-2-millones-a-jovenes-con-ideas-innovadoras","status":"publish","type":"post","link":"https:\/\/www.yungayino.cl\/noticias\/?p=25977","title":{"rendered":"INJUV Financiar\u00e1 Hasta con $2 Millones a J\u00f3venes con Ideas Innovadoras"},"content":{"rendered":"<p><img loading=\"lazy\" decoding=\"async\" class=\"alignnone size-full wp-image-25978\" src=\"http:\/\/www.yungayino.cl\/noticias\/wp-content\/uploads\/2022\/04\/Afiche-promocional.jpg\" alt=\"\" width=\"700\" height=\"350\" srcset=\"https:\/\/www.yungayino.cl\/noticias\/wp-content\/uploads\/2022\/04\/Afiche-promocional.jpg 700w, https:\/\/www.yungayino.cl\/noticias\/wp-content\/uploads\/2022\/04\/Afiche-promocional-300x150.jpg 300w\" sizes=\"auto, (max-width: 700px) 100vw, 700px\" \/><\/p>\n<p style=\"text-align: justify;\">\u00d1uble, abril 2022: Hasta el domingo 15 de mayo se extender\u00e1 el plazo para que j\u00f3venes de toda la regi\u00f3n, de entre 15 y 29 a\u00f1os y que presenten una idea innovadora para resolver un problema de su comunidad, postulen al Programa Creamos del Instituto Nacional de la Juventud.<\/p>\n<p style=\"text-align: justify;\">As\u00ed fue anunciado por la Seremi de Desarrollo Social y Familia de \u00d1uble, Marta Carvajal, quien detall\u00f3 que \u201ccon esto buscamos que las y los j\u00f3venes l\u00edderes de la regi\u00f3n lleven a cabo sus ideas a trav\u00e9s de un proceso que cuenta con mentor\u00edas y asesoramiento. Creemos que los j\u00f3venes de la regi\u00f3n tienen una mirada \u00fanica para poder ayudar a sus comunidades y resolver las dificultades que hoy existen, por lo que esperamos que se motiven y participen a trav\u00e9s de la plataforma <a href=\"https:\/\/creamos.injuv.cl\/es-CL\/\">https:\/\/creamos.injuv.cl\/es-CL\/<\/a>\u201d.<\/p>\n<p style=\"text-align: justify;\">La iniciativa fue creada el 2020 y en sus dos a\u00f1os de funcionamiento ha formado a m\u00e1s de 600 j\u00f3venes en liderazgo para la innovaci\u00f3n social y se han ejecutado un total de 48 proyectos en todo el pa\u00eds.<\/p>\n<p style=\"text-align: justify;\">Las y los j\u00f3venes seleccionados para el programa participar\u00e1n en un Plan de Formaci\u00f3n de Liderazgo Juvenil, el que consiste en cursos virtuales\u00a0 sobre Liderazgo para la Innovaci\u00f3n Social, Introducci\u00f3n a la Gesti\u00f3n de Proyectos Sociales, Agenda 2030: desaf\u00edos socio ambientales y Enfoque de Derechos Humanos). Adem\u00e1s, recibir\u00e1n mentor\u00edas por parte de expertos y expertas, seminarios formativos y asesor\u00edas para potenciar los proyectos elegidos.<\/p>\n<p style=\"text-align: justify;\">Luego del proceso formativo, INJUV apoyar\u00e1 la implementaci\u00f3n de al menos 30 proyectos Creamos, por un m\u00e1ximo de $2.000.000 cada uno.<\/p>\n<p style=\"text-align: justify;\"><strong>\u00bfQu\u00e9 deben tener las ideas que se postulen? <\/strong><\/p>\n<p style=\"text-align: justify;\">Las ideas deben tener un t\u00edtulo explicativo y una breve rese\u00f1a que explique el problema al que apunta y los objetivos que se proponen. Se pueden vincular a los Objetivos de Desarrollo Sostenible de la Agenda 2030 y complementarlas con una imagen referencial. Tambi\u00e9n se puede subir un video en el que se explique de qu\u00e9 se trata (esto otorgar\u00e1 puntos adicionales).<\/p>\n<p style=\"text-align: justify;\">Toda persona inscrita en la plataforma podr\u00e1 ver las diferentes ideas publicadas, adem\u00e1s de poder comentarlas y participar en una votaci\u00f3n. Los votos que obtengan las ideas ser\u00e1n contabilizados en la evaluaci\u00f3n de la postulaci\u00f3n.<\/p>\n<p style=\"text-align: justify;\">Para completar la postulaci\u00f3n, adem\u00e1s de publicar la idea se debe responder el formulario \u00abCu\u00e9ntanos de ti\u00bb. En este se deber\u00e1 indicar cu\u00e1les son las motivaciones para participar en el programa.<\/p>\n<p style=\"text-align: justify;\">Las postulaciones cierran el domingo 15 de mayo a las 23.59 horas. Para postular entra a <a href=\"https:\/\/creamos.injuv.cl\/es-CL\/\">https:\/\/creamos.injuv.cl\/es-CL\/<\/a> .<\/p>\n","protected":false},"excerpt":{"rendered":"<p>\u00d1uble, abril 2022: Hasta el domingo 15 de mayo se extender\u00e1 el plazo para que j\u00f3venes de toda la regi\u00f3n, de entre 15 y 29 a\u00f1os y que presenten una idea innovadora para resolver&#46;&#46;&#46;<\/p>\n","protected":false},"author":2,"featured_media":25978,"comment_status":"closed","ping_status":"open","sticky":false,"template":"","format":"standard","meta":{"footnotes":""},"categories":[1],"tags":[667,1115,1678,8,6,117],"class_list":["post-25977","post","type-post","status-publish","format-standard","has-post-thumbnail","hentry","category-noticias","tag-injuv","tag-noticias","tag-nuble","tag-yungay","tag-yungayino","tag-yungayinocl"],"_links":{"self":[{"href":"https:\/\/www.yungayino.cl\/noticias\/index.php?rest_route=\/wp\/v2\/posts\/25977","targetHints":{"allow":["GET"]}}],"collection":[{"href":"https:\/\/www.yungayino.cl\/noticias\/index.php?rest_route=\/wp\/v2\/posts"}],"about":[{"href":"https:\/\/www.yungayino.cl\/noticias\/index.php?rest_route=\/wp\/v2\/types\/post"}],"author":[{"embeddable":true,"href":"https:\/\/www.yungayino.cl\/noticias\/index.php?rest_route=\/wp\/v2\/users\/2"}],"replies":[{"embeddable":true,"href":"https:\/\/www.yungayino.cl\/noticias\/index.php?rest_route=%2Fwp%2Fv2%2Fcomments&post=25977"}],"version-history":[{"count":2,"href":"https:\/\/www.yungayino.cl\/noticias\/index.php?rest_route=\/wp\/v2\/posts\/25977\/revisions"}],"predecessor-version":[{"id":25980,"href":"https:\/\/www.yungayino.cl\/noticias\/index.php?rest_route=\/wp\/v2\/posts\/25977\/revisions\/25980"}],"wp:featuredmedia":[{"embeddable":true,"href":"https:\/\/www.yungayino.cl\/noticias\/index.php?rest_route=\/wp\/v2\/media\/25978"}],"wp:attachment":[{"href":"https:\/\/www.yungayino.cl\/noticias\/index.php?rest_route=%2Fwp%2Fv2%2Fmedia&parent=25977"}],"wp:term":[{"taxonomy":"category","embeddable":true,"href":"https:\/\/www.yungayino.cl\/noticias\/index.php?rest_route=%2Fwp%2Fv2%2Fcategories&post=25977"},{"taxonomy":"post_tag","embeddable":true,"href":"https:\/\/www.yungayino.cl\/noticias\/index.php?rest_route=%2Fwp%2Fv2%2Ftags&post=25977"}],"curies":[{"name":"wp","href":"https:\/\/api.w.org\/{rel}","templated":true}]}}