{"id":25985,"date":"2022-04-23T07:00:40","date_gmt":"2022-04-23T10:00:40","guid":{"rendered":"http:\/\/www.yungayino.cl\/noticias\/?p=25985"},"modified":"2022-04-21T16:36:02","modified_gmt":"2022-04-21T19:36:02","slug":"gobierno-regional-destina-mas-de-218-millones-para-reforzar-la-red-de-salud-en-pandemia","status":"publish","type":"post","link":"https:\/\/www.yungayino.cl\/noticias\/?p=25985","title":{"rendered":"Gobierno Regional Destina M\u00e1s de $218 Millones Para Reforzar la Red de Salud en Pandemia"},"content":{"rendered":"<p><img loading=\"lazy\" decoding=\"async\" class=\"alignnone size-full wp-image-25986\" src=\"http:\/\/www.yungayino.cl\/noticias\/wp-content\/uploads\/2022\/04\/nuble-1.jpg\" alt=\"\" width=\"700\" height=\"350\" srcset=\"https:\/\/www.yungayino.cl\/noticias\/wp-content\/uploads\/2022\/04\/nuble-1.jpg 700w, https:\/\/www.yungayino.cl\/noticias\/wp-content\/uploads\/2022\/04\/nuble-1-300x150.jpg 300w\" sizes=\"auto, (max-width: 700px) 100vw, 700px\" \/><\/p>\n<p style=\"text-align: justify;\">\u00d1uble, abril 2022: Reforzar la capacidad de respuesta de la red de salud frente a la pandemia es el objetivo del proyecto \u201cAdquisici\u00f3n de equipamiento, insumos y servicios de emergencia para enfrentar la pandemia por Sars-Cov-2 en la Regi\u00f3n de \u00d1uble\u201d que financiar\u00e1 el Gobierno Regional, a trav\u00e9s de la Subvenci\u00f3n FNDR 7% l\u00ednea Social \u2013 Emergencia 2022, por un total de $218.516.939. As\u00ed lo dio a conocer el Gobernador Regional \u00d3scar Cris\u00f3stomo en la ceremonia de firma del convenio junto a la directora (s) del Servicio de Salud \u00d1uble, Elizabeth Abarca, entidad encargada de ejecutar la iniciativa que permitir\u00e1, entre otras cosas, la compra de 30 mil test de ant\u00edgenos.<\/p>\n<p style=\"text-align: justify;\">La actividad se realiz\u00f3 en el acceso del Centro de Salud Familiar (Cesfam) Violeta Parra donde las autoridades estuvieron acompa\u00f1adas de la directora del recinto, Nancy Jara; de consejeros regionales; de la directiva del Consejo de la Sociedad Civil del Servicio de Salud \u00d1uble y del Consejo de Desarrollo del Cesfam Violeta Parra; de representantes de asociaciones gremiales de la salud; y de funcionarios del establecimiento.<\/p>\n<p style=\"text-align: justify;\">Al respecto, el Gobernador Cris\u00f3stomo destac\u00f3 que \u201cnosotros hemos se\u00f1alado claramente que el \u00e1rea de la salud tiene que ser uno de los ejes principales que vamos a potenciar para estar al d\u00eda en tecnolog\u00eda, en innovaci\u00f3n; pero tambi\u00e9n en el cuidado que tenemos que tener hacia los vecinos y vecinas de nuestra Regi\u00f3n de \u00d1uble\u201d.<\/p>\n<p style=\"text-align: justify;\">Sobre el convenio, la m\u00e1xima autoridad regional detall\u00f3 que \u201cestamos financiando con cerca de $218 millones tres \u00e1reas importantes. Primero, hemos adquirido 30 mil ant\u00edgenos para estar preparados frente a cualquier emergencia u ola que se pueda producir, a prop\u00f3sito de la pandemia que estamos viviendo. Segundo, vamos a adquirir galpones inflables para instalarlos en distintos puntos de nuestra regi\u00f3n para que las personas, los vecinos, est\u00e9n protegidos y tambi\u00e9n para salir a hacer testeo cuando sea necesario. Y lo tercero, tiene que ver con un \u00e1rea de innovaci\u00f3n que estamos financiando para que al momento de agenda de horas y tambi\u00e9n llamados telef\u00f3nicos para la notificaci\u00f3n del Covid, sea de forma autom\u00e1tica. Creo que ese es el punto \u00e1lgido que tuvimos hace un par de meses atr\u00e1s donde no tuvimos la capacidad de informarle a las personas y esto, lo que estamos traspasando, es tecnolog\u00eda e innovaci\u00f3n; as\u00ed que con estos recursos creemos que aseguramos la salud de las personas y tambi\u00e9n potenciamos el \u00e1rea de la salud y toda la red que es lo que nos interesa\u201d.<\/p>\n<p style=\"text-align: justify;\">A su vez, la directora (s) del Servicio de Salud \u00d1uble recalc\u00f3 que \u201cestamos muy contentos de firmar este acuerdo con nuestro Gobierno Regional para apoyar todo lo que ha sido este tiempo de pandemia. Ya llevamos m\u00e1s de dos a\u00f1os en este contexto y la verdad es que hay mucho agotamiento y fatiga en los equipos, por lo tanto, esto tambi\u00e9n es una inyecci\u00f3n de energ\u00eda para ellos y para nosotros como red asistencial (\u2026) Es un tremendo apoyo que viene en beneficio de todos los usuarios de la red asistencial y tambi\u00e9n de nuestros funcionarios, por lo tanto, como Servicio de Salud estamos muy contentos del trabajo mancomunado que hemos podido realizar con el Gobierno Regional, lo que nos permite tambi\u00e9n poder so\u00f1ar con otras cosas que van sumando y avanzando en este camino para poder brindar una mejor salud a todas las personas de \u00d1uble\u201d.<\/p>\n<p style=\"text-align: justify;\">Finalmente, el Presidente del Consejo de la Sociedad Civil del Servicio de Salud \u00d1uble, Segundo S\u00e1nchez, expres\u00f3 que \u201ces muy importante para nosotros poder contar con los recursos necesarios para la pandemia que todav\u00eda no se termina. Tenemos que seguir trabajando y aunando cada d\u00eda mayor esfuerzo, mayores criterios, y la mejor buena voluntad y empat\u00eda con la comunidad, con los usuarios que son los que a nosotros nos exigen. Para eso estamos junto a ellos, estamos en la calle, pero hoy d\u00eda trabajando mancomunadamente como nos ha pedido el Presidente de la Rep\u00fablica, Gabriel Boric, para poder sacar adelante este tema de salud que es muy complejo\u201d.<\/p>\n","protected":false},"excerpt":{"rendered":"<p>\u00d1uble, abril 2022: Reforzar la capacidad de respuesta de la red de salud frente a la pandemia es el objetivo del proyecto \u201cAdquisici\u00f3n de equipamiento, insumos y servicios de emergencia para enfrentar la pandemia&#46;&#46;&#46;<\/p>\n","protected":false},"author":2,"featured_media":25986,"comment_status":"closed","ping_status":"open","sticky":false,"template":"","format":"standard","meta":{"footnotes":""},"categories":[1],"tags":[1115,1678,8,6,117],"class_list":["post-25985","post","type-post","status-publish","format-standard","has-post-thumbnail","hentry","category-noticias","tag-noticias","tag-nuble","tag-yungay","tag-yungayino","tag-yungayinocl"],"_links":{"self":[{"href":"https:\/\/www.yungayino.cl\/noticias\/index.php?rest_route=\/wp\/v2\/posts\/25985","targetHints":{"allow":["GET"]}}],"collection":[{"href":"https:\/\/www.yungayino.cl\/noticias\/index.php?rest_route=\/wp\/v2\/posts"}],"about":[{"href":"https:\/\/www.yungayino.cl\/noticias\/index.php?rest_route=\/wp\/v2\/types\/post"}],"author":[{"embeddable":true,"href":"https:\/\/www.yungayino.cl\/noticias\/index.php?rest_route=\/wp\/v2\/users\/2"}],"replies":[{"embeddable":true,"href":"https:\/\/www.yungayino.cl\/noticias\/index.php?rest_route=%2Fwp%2Fv2%2Fcomments&post=25985"}],"version-history":[{"count":1,"href":"https:\/\/www.yungayino.cl\/noticias\/index.php?rest_route=\/wp\/v2\/posts\/25985\/revisions"}],"predecessor-version":[{"id":25987,"href":"https:\/\/www.yungayino.cl\/noticias\/index.php?rest_route=\/wp\/v2\/posts\/25985\/revisions\/25987"}],"wp:featuredmedia":[{"embeddable":true,"href":"https:\/\/www.yungayino.cl\/noticias\/index.php?rest_route=\/wp\/v2\/media\/25986"}],"wp:attachment":[{"href":"https:\/\/www.yungayino.cl\/noticias\/index.php?rest_route=%2Fwp%2Fv2%2Fmedia&parent=25985"}],"wp:term":[{"taxonomy":"category","embeddable":true,"href":"https:\/\/www.yungayino.cl\/noticias\/index.php?rest_route=%2Fwp%2Fv2%2Fcategories&post=25985"},{"taxonomy":"post_tag","embeddable":true,"href":"https:\/\/www.yungayino.cl\/noticias\/index.php?rest_route=%2Fwp%2Fv2%2Ftags&post=25985"}],"curies":[{"name":"wp","href":"https:\/\/api.w.org\/{rel}","templated":true}]}}