{"id":26053,"date":"2022-04-26T07:00:13","date_gmt":"2022-04-26T10:00:13","guid":{"rendered":"http:\/\/www.yungayino.cl\/noticias\/?p=26053"},"modified":"2022-04-25T16:57:56","modified_gmt":"2022-04-25T19:57:56","slug":"en-pangal-del-laja-se-realizaron-talleres-por-proyecto-camaras-de-vigilancia","status":"publish","type":"post","link":"https:\/\/www.yungayino.cl\/noticias\/?p=26053","title":{"rendered":"En Pangal del Laja se Realizaron Talleres por Proyecto C\u00e1maras de Vigilancia"},"content":{"rendered":"<p><img loading=\"lazy\" decoding=\"async\" class=\"alignnone size-full wp-image-26054\" src=\"http:\/\/www.yungayino.cl\/noticias\/wp-content\/uploads\/2022\/04\/2-2.jpg\" alt=\"\" width=\"700\" height=\"350\" srcset=\"https:\/\/www.yungayino.cl\/noticias\/wp-content\/uploads\/2022\/04\/2-2.jpg 700w, https:\/\/www.yungayino.cl\/noticias\/wp-content\/uploads\/2022\/04\/2-2-300x150.jpg 300w\" sizes=\"auto, (max-width: 700px) 100vw, 700px\" \/><\/p>\n<p style=\"text-align: justify;\">Yungay, abril 2022: En Pangal del Laja los vecinos asistieron el pasado s\u00e1bado 23 de abril a los talleres en el contexto de la ejecuci\u00f3n del proyecto de c\u00e1maras de televigilancia denominado \u00abCon c\u00e1maras de Televigilancia, un Pangal M\u00e1s Seguro\u00bb.<\/p>\n<p style=\"text-align: justify;\">Estos talleres estuvieron a cargo en el tema de seguridad municipal la se\u00f1orita Leila Falc\u00f3n programa Denuncia Seguro, y la coordinadora de SENDA en la comuna la se\u00f1orita Barbara Valeria y su apoyo profesional la se\u00f1orita Yasna Jofre acerca de la oferta program\u00e1tica y prevenci\u00f3n y promoci\u00f3n del consumo problem\u00e1tico de alcohol y drogas.<\/p>\n","protected":false},"excerpt":{"rendered":"<p>Yungay, abril 2022: En Pangal del Laja los vecinos asistieron el pasado s\u00e1bado 23 de abril a los talleres en el contexto de la ejecuci\u00f3n del proyecto de c\u00e1maras de televigilancia denominado \u00abCon c\u00e1maras&#46;&#46;&#46;<\/p>\n","protected":false},"author":2,"featured_media":26054,"comment_status":"closed","ping_status":"open","sticky":false,"template":"","format":"standard","meta":{"footnotes":""},"categories":[1],"tags":[2587,1115,162,1758,8,6,1449],"class_list":["post-26053","post","type-post","status-publish","format-standard","has-post-thumbnail","hentry","category-noticias","tag-camaras-de-vigilancia","tag-noticias","tag-pangal-del-laja","tag-talleres","tag-yungay","tag-yungayino","tag-yungayino-l"],"_links":{"self":[{"href":"https:\/\/www.yungayino.cl\/noticias\/index.php?rest_route=\/wp\/v2\/posts\/26053","targetHints":{"allow":["GET"]}}],"collection":[{"href":"https:\/\/www.yungayino.cl\/noticias\/index.php?rest_route=\/wp\/v2\/posts"}],"about":[{"href":"https:\/\/www.yungayino.cl\/noticias\/index.php?rest_route=\/wp\/v2\/types\/post"}],"author":[{"embeddable":true,"href":"https:\/\/www.yungayino.cl\/noticias\/index.php?rest_route=\/wp\/v2\/users\/2"}],"replies":[{"embeddable":true,"href":"https:\/\/www.yungayino.cl\/noticias\/index.php?rest_route=%2Fwp%2Fv2%2Fcomments&post=26053"}],"version-history":[{"count":1,"href":"https:\/\/www.yungayino.cl\/noticias\/index.php?rest_route=\/wp\/v2\/posts\/26053\/revisions"}],"predecessor-version":[{"id":26055,"href":"https:\/\/www.yungayino.cl\/noticias\/index.php?rest_route=\/wp\/v2\/posts\/26053\/revisions\/26055"}],"wp:featuredmedia":[{"embeddable":true,"href":"https:\/\/www.yungayino.cl\/noticias\/index.php?rest_route=\/wp\/v2\/media\/26054"}],"wp:attachment":[{"href":"https:\/\/www.yungayino.cl\/noticias\/index.php?rest_route=%2Fwp%2Fv2%2Fmedia&parent=26053"}],"wp:term":[{"taxonomy":"category","embeddable":true,"href":"https:\/\/www.yungayino.cl\/noticias\/index.php?rest_route=%2Fwp%2Fv2%2Fcategories&post=26053"},{"taxonomy":"post_tag","embeddable":true,"href":"https:\/\/www.yungayino.cl\/noticias\/index.php?rest_route=%2Fwp%2Fv2%2Ftags&post=26053"}],"curies":[{"name":"wp","href":"https:\/\/api.w.org\/{rel}","templated":true}]}}