{"id":26065,"date":"2022-05-06T07:00:56","date_gmt":"2022-05-06T10:00:56","guid":{"rendered":"http:\/\/www.yungayino.cl\/noticias\/?p=26065"},"modified":"2022-04-28T17:33:59","modified_gmt":"2022-04-28T20:33:59","slug":"gobierno-regional-impulsara-sitio-web-nuble-cl-para-difundir-la-region","status":"publish","type":"post","link":"https:\/\/www.yungayino.cl\/noticias\/?p=26065","title":{"rendered":"Gobierno Regional Impulsar\u00e1 Sitio Web nuble.cl Para Difundir la Regi\u00f3n"},"content":{"rendered":"<p><img loading=\"lazy\" decoding=\"async\" class=\"alignnone size-full wp-image-26066\" src=\"http:\/\/www.yungayino.cl\/noticias\/wp-content\/uploads\/2022\/04\/nuble-web.jpg\" alt=\"\" width=\"700\" height=\"350\" srcset=\"https:\/\/www.yungayino.cl\/noticias\/wp-content\/uploads\/2022\/04\/nuble-web.jpg 700w, https:\/\/www.yungayino.cl\/noticias\/wp-content\/uploads\/2022\/04\/nuble-web-300x150.jpg 300w\" sizes=\"auto, (max-width: 700px) 100vw, 700px\" \/><\/p>\n<p style=\"text-align: justify;\">\u00d1uble, mayo 2022: Gracias al traspaso de dominio del diputado Eduardo Dur\u00e1n al Gobierno Regional de \u00d1uble, se podr\u00e1 dise\u00f1ar una plataforma que busca potenciar el territorio tanto a nivel nacional como internacional.<\/p>\n<p style=\"text-align: justify;\">En presencia de gremios, servicios p\u00fablicos y representantes de agrupaciones ligadas al desarrollo tur\u00edstico y productivo de la regi\u00f3n, el Gobernador Regional \u00d3scar Cris\u00f3stomo recibi\u00f3 de parte del diputado Eduardo Dur\u00e1n el dominio <strong>nuble.cl<\/strong>, nic que era de su propiedad, pero que a partir de hoy fue cedido al Gobierno Regional para contribuir a la difusi\u00f3n de la regi\u00f3n.<\/p>\n<p style=\"text-align: justify;\">La nueva plataforma ser\u00e1 utilizada para potenciar los sectores productivos de \u00d1uble a nivel nacional e internacional. A trav\u00e9s de este proyecto se busca levantar una p\u00e1gina web que complemente la labor que ya realizan diferentes organizaciones tanto p\u00fablicas como privadas. Las \u00e1reas y contenidos que tendr\u00eda, fueron expuestos a los asistentes por el Jefe de la Divisi\u00f3n de Planificaci\u00f3n y Desarrollo Regional, Claudio Mart\u00ednez.<\/p>\n<p style=\"text-align: justify;\">Al respecto, el Gobernador Cris\u00f3stomo resalt\u00f3 que \u201ceste dominio nos va a permitir tener el primer portal de la Regi\u00f3n de \u00d1uble que ya se est\u00e1 preparando particularmente con el fin que podamos mostrar lo que significa nuestra regi\u00f3n, nuestras bondades, nuestras bellezas y tambi\u00e9n lo que se est\u00e1 generando y c\u00f3mo nos estamos articulando (\u2026) muy agradecidos de la disposici\u00f3n del diputado Dur\u00e1n, quien accedi\u00f3 inmediatamente a poder ceder, entendiendo las necesidades, y que es un dominio que finalmente favorece nuestra Regi\u00f3n de \u00d1uble\u201d.<\/p>\n<p style=\"text-align: justify;\">Por otra parte, el diputado Dur\u00e1n record\u00f3 que \u201ccuando yo fui Gobernador Provincial, tuve la intenci\u00f3n tambi\u00e9n de hacer un portal informativo de la regi\u00f3n, en ese tiempo provincia, para mostrar las bondades de las 21 comunas, lo relacionado con el turismo, con el comercio, en fin; de tal manera que hubiera una imagen corporativa y un informativo que sirviera para dar a conocer en Chile y en el extranjero, pues bien, no se pudo materializar eso en ese tiempo y en esta oportunidad con mucho gusto, agrado y tambi\u00e9n para informarle a la gente, a t\u00edtulo gratuito, hemos decidido transferir el dominio nuble.cl. entiendo que la Gobernaci\u00f3n, el Gobernador le dar\u00e1n un excelente uso y servir\u00e1 como una herramienta fundamental en estos tiempos en que la tecnolog\u00eda de la informaci\u00f3n y las redes sociales son fundamentales para transmitir y comunicar nuestros mensajes\u201d.<\/p>\n<p style=\"text-align: justify;\">Vitrina Internacional<\/p>\n<p style=\"text-align: justify;\">Dado el objetivo que tendr\u00e1 este sitio web, los servicios p\u00fablicos convocados a esta actividad fueron ProChile y Sernatur, quienes junto a gremios relacionados a la promoci\u00f3n de la regi\u00f3n valoraron esta iniciativa impulsada por el Gobierno Regional.<\/p>\n<p style=\"text-align: justify;\">La directora regional de Sernatur, Heidi Inostroza, afirm\u00f3 que \u201cesperamos desde el Servicio\u00a0 Nacional de Turismo y los gremios\u00a0 del turismo estar colaborando tambi\u00e9n para hacer esta apuesta un espacio concreto de puesta en valor de lo que es nuestra regi\u00f3n desde el mundo\u00a0 del turismo, en los agro alimentos, por supuesto el comercio, los servicios, el talento, el\u00a0 patrimonio, los h\u00e9roes y los artistas que tan bien nos han representado y que en su talla mundial, han puesto en alto lo que es el nombre de nuestra regi\u00f3n\u201d.<\/p>\n<p style=\"text-align: justify;\">En tanto, la directora de ProChile \u00d1uble, Ingrid Quezada, clarific\u00f3 que \u201cla \u00f1 no existe internacional, entonces tenemos que unificar, por eso es nuble.cl y al ser nuble.cl nos da la oportunidad de poder tener este portal en espa\u00f1ol y en ingl\u00e9s y todo lo que sea en ingl\u00e9s, los mercados internacionales, obviamente, nos favorece para poder mostrar la regi\u00f3n al mundo y ah\u00ed invito, como dijo bien el Gobernador, el hecho de hacer este portal va a ser co-creado, llamando a la comunidad, no solamente a los beneficiarios de ProChile exportadores, sino que aqu\u00ed hay que mostrar todo lo que tiene el atractivo de \u00d1uble\u201d.<\/p>\n<p style=\"text-align: justify;\">Del mismo modo, el Presidente de la C\u00e1mara de Comercio y Turismo de \u00d1uble, Alejandro Lama, destac\u00f3 \u201cel ofrecimiento del Gobierno Regional que los gremios productivos, de turismo, como en el caso nuestro que somos la C\u00e1mara de Comercio, Industrias, Servicios y Turismo de Chill\u00e1n y de \u00d1uble, podamos de alguna manera participar dentro de esa p\u00e1gina con lo que nos corresponde mostrar. Tenemos una fortaleza enorme en las monta\u00f1a, valle y mar que no todas las regiones del pa\u00eds tienen esta situaci\u00f3n que nosotros podamos ofrecerle al turista, de modo que tenemos que potenciarnos entre todos para poder lograr el objetivo que es mostrar la Regi\u00f3n de \u00d1uble\u201d.<\/p>\n<p style=\"text-align: justify;\">Finalmente, Valle del Itata, estuvo representado por el Presidente de la Asociaci\u00f3n Gremial de Vi\u00f1ateros, V\u00edctor Castell\u00f3n, quien coment\u00f3 que con esta iniciativa se logra \u201cconcretar una idea que levantamos en el mes de enero con esta visi\u00f3n de generar una plataforma digital para mostrarle al mundo, tanto nacional como internacional, lo que consiste la Regi\u00f3n de \u00d1uble, con todos sus aportes patrimoniales, culturales, personas, personajes, que nos hac\u00eda falta\u201d.<\/p>\n","protected":false},"excerpt":{"rendered":"<p>\u00d1uble, mayo 2022: Gracias al traspaso de dominio del diputado Eduardo Dur\u00e1n al Gobierno Regional de \u00d1uble, se podr\u00e1 dise\u00f1ar una plataforma que busca potenciar el territorio tanto a nivel nacional como internacional. En&#46;&#46;&#46;<\/p>\n","protected":false},"author":2,"featured_media":26066,"comment_status":"closed","ping_status":"open","sticky":false,"template":"","format":"standard","meta":{"footnotes":""},"categories":[1],"tags":[1115,1678,2591,8,6,117],"class_list":["post-26065","post","type-post","status-publish","format-standard","has-post-thumbnail","hentry","category-noticias","tag-noticias","tag-nuble","tag-nuble-cl","tag-yungay","tag-yungayino","tag-yungayinocl"],"_links":{"self":[{"href":"https:\/\/www.yungayino.cl\/noticias\/index.php?rest_route=\/wp\/v2\/posts\/26065","targetHints":{"allow":["GET"]}}],"collection":[{"href":"https:\/\/www.yungayino.cl\/noticias\/index.php?rest_route=\/wp\/v2\/posts"}],"about":[{"href":"https:\/\/www.yungayino.cl\/noticias\/index.php?rest_route=\/wp\/v2\/types\/post"}],"author":[{"embeddable":true,"href":"https:\/\/www.yungayino.cl\/noticias\/index.php?rest_route=\/wp\/v2\/users\/2"}],"replies":[{"embeddable":true,"href":"https:\/\/www.yungayino.cl\/noticias\/index.php?rest_route=%2Fwp%2Fv2%2Fcomments&post=26065"}],"version-history":[{"count":2,"href":"https:\/\/www.yungayino.cl\/noticias\/index.php?rest_route=\/wp\/v2\/posts\/26065\/revisions"}],"predecessor-version":[{"id":26068,"href":"https:\/\/www.yungayino.cl\/noticias\/index.php?rest_route=\/wp\/v2\/posts\/26065\/revisions\/26068"}],"wp:featuredmedia":[{"embeddable":true,"href":"https:\/\/www.yungayino.cl\/noticias\/index.php?rest_route=\/wp\/v2\/media\/26066"}],"wp:attachment":[{"href":"https:\/\/www.yungayino.cl\/noticias\/index.php?rest_route=%2Fwp%2Fv2%2Fmedia&parent=26065"}],"wp:term":[{"taxonomy":"category","embeddable":true,"href":"https:\/\/www.yungayino.cl\/noticias\/index.php?rest_route=%2Fwp%2Fv2%2Fcategories&post=26065"},{"taxonomy":"post_tag","embeddable":true,"href":"https:\/\/www.yungayino.cl\/noticias\/index.php?rest_route=%2Fwp%2Fv2%2Ftags&post=26065"}],"curies":[{"name":"wp","href":"https:\/\/api.w.org\/{rel}","templated":true}]}}