{"id":26069,"date":"2022-04-28T16:00:49","date_gmt":"2022-04-28T19:00:49","guid":{"rendered":"http:\/\/www.yungayino.cl\/noticias\/?p=26069"},"modified":"2022-04-28T17:37:15","modified_gmt":"2022-04-28T20:37:15","slug":"importante-reunion-de-municipio-con-empresa-arauco-y-fundacion-abriendo-redes","status":"publish","type":"post","link":"https:\/\/www.yungayino.cl\/noticias\/?p=26069","title":{"rendered":"Importante Reuni\u00f3n de Municipio con Empresa Arauco y Fundaci\u00f3n \u201cAbriendo Redes\u201d"},"content":{"rendered":"<p><img loading=\"lazy\" decoding=\"async\" class=\"alignnone size-full wp-image-26070\" src=\"http:\/\/www.yungayino.cl\/noticias\/wp-content\/uploads\/2022\/04\/1-4.jpg\" alt=\"\" width=\"700\" height=\"350\" srcset=\"https:\/\/www.yungayino.cl\/noticias\/wp-content\/uploads\/2022\/04\/1-4.jpg 700w, https:\/\/www.yungayino.cl\/noticias\/wp-content\/uploads\/2022\/04\/1-4-300x150.jpg 300w\" sizes=\"auto, (max-width: 700px) 100vw, 700px\" \/><\/p>\n<p style=\"text-align: justify;\">Yungay, abril 2022: Administrador municipal, Guillermo Saavedra Jim\u00e9nez, en representaci\u00f3n del alcalde, Rafael Cifuentes Rodr\u00edguez, se reuni\u00f3 con la encargada de asuntos p\u00fablicos de la empresa Arauco S.A., Alejandra Torres, y la directora de la Fundaci\u00f3n \u00ababriendo redes\u201d, Isabel Castillo, con la finalidad de abordar el trabajo conjunto entre las instituciones, con la finalidad de apoyar el desarrollo productivo de nuestra comuna, especialmente de las mujeres.<\/p>\n<p style=\"text-align: justify;\">Acompa\u00f1ado por la directora de DIDEL, Claudia Harcha Cort\u00e9s y Alejandra Contreras Acu\u00f1a, encargada del programa mujeres trabajadoras jefas de hogar, el administrador municipal pudo exponer los diferentes requerimientos de la comuna, adem\u00e1s de conocer en detalle el funcionamiento de la Fundaci\u00f3n \u00abAcercaRedes\u00bb con quienes se desarrollar\u00e1 un importante trabajo para mujeres dependientes e independientes, que deseen ser parte de los programas de fomento productivo.<\/p>\n<p style=\"text-align: justify;\">En los pr\u00f3ximos d\u00edas, la Municipalidad de Yungay firmar\u00e1 un convenio colaborativo con la Fundaci\u00f3n \u201cAcercaRedes\u201d donde se plasmar\u00e1n los compromisos de trabajo conjunto, una excelente noticia para el desarrollo productivo, el emprendimiento, el turismo y las mujeres de nuestro Yungay.<\/p>\n","protected":false},"excerpt":{"rendered":"<p>Yungay, abril 2022: Administrador municipal, Guillermo Saavedra Jim\u00e9nez, en representaci\u00f3n del alcalde, Rafael Cifuentes Rodr\u00edguez, se reuni\u00f3 con la encargada de asuntos p\u00fablicos de la empresa Arauco S.A., Alejandra Torres, y la directora de&#46;&#46;&#46;<\/p>\n","protected":false},"author":2,"featured_media":26070,"comment_status":"closed","ping_status":"open","sticky":false,"template":"","format":"standard","meta":{"footnotes":""},"categories":[1],"tags":[1115,8,6,117],"class_list":["post-26069","post","type-post","status-publish","format-standard","has-post-thumbnail","hentry","category-noticias","tag-noticias","tag-yungay","tag-yungayino","tag-yungayinocl"],"_links":{"self":[{"href":"https:\/\/www.yungayino.cl\/noticias\/index.php?rest_route=\/wp\/v2\/posts\/26069","targetHints":{"allow":["GET"]}}],"collection":[{"href":"https:\/\/www.yungayino.cl\/noticias\/index.php?rest_route=\/wp\/v2\/posts"}],"about":[{"href":"https:\/\/www.yungayino.cl\/noticias\/index.php?rest_route=\/wp\/v2\/types\/post"}],"author":[{"embeddable":true,"href":"https:\/\/www.yungayino.cl\/noticias\/index.php?rest_route=\/wp\/v2\/users\/2"}],"replies":[{"embeddable":true,"href":"https:\/\/www.yungayino.cl\/noticias\/index.php?rest_route=%2Fwp%2Fv2%2Fcomments&post=26069"}],"version-history":[{"count":1,"href":"https:\/\/www.yungayino.cl\/noticias\/index.php?rest_route=\/wp\/v2\/posts\/26069\/revisions"}],"predecessor-version":[{"id":26071,"href":"https:\/\/www.yungayino.cl\/noticias\/index.php?rest_route=\/wp\/v2\/posts\/26069\/revisions\/26071"}],"wp:featuredmedia":[{"embeddable":true,"href":"https:\/\/www.yungayino.cl\/noticias\/index.php?rest_route=\/wp\/v2\/media\/26070"}],"wp:attachment":[{"href":"https:\/\/www.yungayino.cl\/noticias\/index.php?rest_route=%2Fwp%2Fv2%2Fmedia&parent=26069"}],"wp:term":[{"taxonomy":"category","embeddable":true,"href":"https:\/\/www.yungayino.cl\/noticias\/index.php?rest_route=%2Fwp%2Fv2%2Fcategories&post=26069"},{"taxonomy":"post_tag","embeddable":true,"href":"https:\/\/www.yungayino.cl\/noticias\/index.php?rest_route=%2Fwp%2Fv2%2Ftags&post=26069"}],"curies":[{"name":"wp","href":"https:\/\/api.w.org\/{rel}","templated":true}]}}