{"id":26077,"date":"2022-05-01T07:01:06","date_gmt":"2022-05-01T10:01:06","guid":{"rendered":"http:\/\/www.yungayino.cl\/noticias\/?p=26077"},"modified":"2022-04-28T17:45:44","modified_gmt":"2022-04-28T20:45:44","slug":"seremi-de-vivienda-y-urbanismo-se-reunio-con-alcalde","status":"publish","type":"post","link":"https:\/\/www.yungayino.cl\/noticias\/?p=26077","title":{"rendered":"Seremi de Vivienda y Urbanismo se Reuni\u00f3 con Alcalde"},"content":{"rendered":"<p><img loading=\"lazy\" decoding=\"async\" class=\"alignnone size-full wp-image-26078\" src=\"http:\/\/www.yungayino.cl\/noticias\/wp-content\/uploads\/2022\/04\/3-2.jpg\" alt=\"\" width=\"700\" height=\"350\" srcset=\"https:\/\/www.yungayino.cl\/noticias\/wp-content\/uploads\/2022\/04\/3-2.jpg 700w, https:\/\/www.yungayino.cl\/noticias\/wp-content\/uploads\/2022\/04\/3-2-300x150.jpg 300w\" sizes=\"auto, (max-width: 700px) 100vw, 700px\" \/><\/p>\n<p style=\"text-align: justify;\">Yungay, abril 2022: Seremi de Vivienda y Urbanismo, Antonio Marchant Mass se reuni\u00f3 con alcalde, Rafael Cifuentes Rodr\u00edguez, donde tuvo la oportunidad de comunicarle la posici\u00f3n de los proyectos de vivienda de nuestra comuna y las futuras acciones a seguir.<\/p>\n<p style=\"text-align: justify;\">El SEREMI, por su parte entreg\u00f3 los alcances sobre las pol\u00edticas que el nuevo gobierno desea implementar, especialmente, las que tienen relaci\u00f3n con subsidios habitacionales y su implementaci\u00f3n.<\/p>\n","protected":false},"excerpt":{"rendered":"<p>Yungay, abril 2022: Seremi de Vivienda y Urbanismo, Antonio Marchant Mass se reuni\u00f3 con alcalde, Rafael Cifuentes Rodr\u00edguez, donde tuvo la oportunidad de comunicarle la posici\u00f3n de los proyectos de vivienda de nuestra comuna&#46;&#46;&#46;<\/p>\n","protected":false},"author":2,"featured_media":26078,"comment_status":"closed","ping_status":"open","sticky":false,"template":"","format":"standard","meta":{"footnotes":""},"categories":[1],"tags":[1115,8,6,117],"class_list":["post-26077","post","type-post","status-publish","format-standard","has-post-thumbnail","hentry","category-noticias","tag-noticias","tag-yungay","tag-yungayino","tag-yungayinocl"],"_links":{"self":[{"href":"https:\/\/www.yungayino.cl\/noticias\/index.php?rest_route=\/wp\/v2\/posts\/26077","targetHints":{"allow":["GET"]}}],"collection":[{"href":"https:\/\/www.yungayino.cl\/noticias\/index.php?rest_route=\/wp\/v2\/posts"}],"about":[{"href":"https:\/\/www.yungayino.cl\/noticias\/index.php?rest_route=\/wp\/v2\/types\/post"}],"author":[{"embeddable":true,"href":"https:\/\/www.yungayino.cl\/noticias\/index.php?rest_route=\/wp\/v2\/users\/2"}],"replies":[{"embeddable":true,"href":"https:\/\/www.yungayino.cl\/noticias\/index.php?rest_route=%2Fwp%2Fv2%2Fcomments&post=26077"}],"version-history":[{"count":1,"href":"https:\/\/www.yungayino.cl\/noticias\/index.php?rest_route=\/wp\/v2\/posts\/26077\/revisions"}],"predecessor-version":[{"id":26079,"href":"https:\/\/www.yungayino.cl\/noticias\/index.php?rest_route=\/wp\/v2\/posts\/26077\/revisions\/26079"}],"wp:featuredmedia":[{"embeddable":true,"href":"https:\/\/www.yungayino.cl\/noticias\/index.php?rest_route=\/wp\/v2\/media\/26078"}],"wp:attachment":[{"href":"https:\/\/www.yungayino.cl\/noticias\/index.php?rest_route=%2Fwp%2Fv2%2Fmedia&parent=26077"}],"wp:term":[{"taxonomy":"category","embeddable":true,"href":"https:\/\/www.yungayino.cl\/noticias\/index.php?rest_route=%2Fwp%2Fv2%2Fcategories&post=26077"},{"taxonomy":"post_tag","embeddable":true,"href":"https:\/\/www.yungayino.cl\/noticias\/index.php?rest_route=%2Fwp%2Fv2%2Ftags&post=26077"}],"curies":[{"name":"wp","href":"https:\/\/api.w.org\/{rel}","templated":true}]}}