{"id":26095,"date":"2022-05-06T07:05:42","date_gmt":"2022-05-06T10:05:42","guid":{"rendered":"http:\/\/www.yungayino.cl\/noticias\/?p=26095"},"modified":"2022-05-05T12:59:54","modified_gmt":"2022-05-05T15:59:54","slug":"seremi-de-economia-se-reune-con-la-agrupacion-de-emprendedores-del-turismo-de-santa-lucia-bajo","status":"publish","type":"post","link":"https:\/\/www.yungayino.cl\/noticias\/?p=26095","title":{"rendered":"SEREMI de Econom\u00eda se Re\u00fane con la Agrupaci\u00f3n de Emprendedores del Turismo de Santa Luc\u00eda Bajo"},"content":{"rendered":"<p><img loading=\"lazy\" decoding=\"async\" class=\"alignnone size-full wp-image-26096\" src=\"http:\/\/www.yungayino.cl\/noticias\/wp-content\/uploads\/2022\/05\/1.jpg\" alt=\"\" width=\"700\" height=\"388\" srcset=\"https:\/\/www.yungayino.cl\/noticias\/wp-content\/uploads\/2022\/05\/1.jpg 700w, https:\/\/www.yungayino.cl\/noticias\/wp-content\/uploads\/2022\/05\/1-300x166.jpg 300w, https:\/\/www.yungayino.cl\/noticias\/wp-content\/uploads\/2022\/05\/1-271x150.jpg 271w\" sizes=\"auto, (max-width: 700px) 100vw, 700px\" \/><\/p>\n<p style=\"text-align: justify;\">Yungay, mayo 2022: Hasta el Parador Tur\u00edstico de Santa Luc\u00eda Bajo lleg\u00f3 el alcalde, Rafael Cifuentes Rodr\u00edguez y el seremi de econom\u00eda, H\u00e9ctor Garrido Henr\u00edquez, junto a su equipo t\u00e9cnico para conocer las necesidades de los vecinos y emprendedores del turismo en el sector.<\/p>\n<p style=\"text-align: justify;\">Durante la instancia qued\u00f3 plasmado el compromiso de un trabajo en conjunto entre la agrupaci\u00f3n, la municipalidad y la seremi para potenciar el desarrollo econ\u00f3mico y tur\u00edstico de la zona, especialmente resaltando la riqueza natural y de su gente.<\/p>\n","protected":false},"excerpt":{"rendered":"<p>Yungay, mayo 2022: Hasta el Parador Tur\u00edstico de Santa Luc\u00eda Bajo lleg\u00f3 el alcalde, Rafael Cifuentes Rodr\u00edguez y el seremi de econom\u00eda, H\u00e9ctor Garrido Henr\u00edquez, junto a su equipo t\u00e9cnico para conocer las necesidades&#46;&#46;&#46;<\/p>\n","protected":false},"author":2,"featured_media":26096,"comment_status":"closed","ping_status":"open","sticky":false,"template":"","format":"standard","meta":{"footnotes":""},"categories":[1],"tags":[1115,302,8,6,117],"class_list":["post-26095","post","type-post","status-publish","format-standard","has-post-thumbnail","hentry","category-noticias","tag-noticias","tag-santa-lucia-bajo","tag-yungay","tag-yungayino","tag-yungayinocl"],"_links":{"self":[{"href":"https:\/\/www.yungayino.cl\/noticias\/index.php?rest_route=\/wp\/v2\/posts\/26095","targetHints":{"allow":["GET"]}}],"collection":[{"href":"https:\/\/www.yungayino.cl\/noticias\/index.php?rest_route=\/wp\/v2\/posts"}],"about":[{"href":"https:\/\/www.yungayino.cl\/noticias\/index.php?rest_route=\/wp\/v2\/types\/post"}],"author":[{"embeddable":true,"href":"https:\/\/www.yungayino.cl\/noticias\/index.php?rest_route=\/wp\/v2\/users\/2"}],"replies":[{"embeddable":true,"href":"https:\/\/www.yungayino.cl\/noticias\/index.php?rest_route=%2Fwp%2Fv2%2Fcomments&post=26095"}],"version-history":[{"count":1,"href":"https:\/\/www.yungayino.cl\/noticias\/index.php?rest_route=\/wp\/v2\/posts\/26095\/revisions"}],"predecessor-version":[{"id":26097,"href":"https:\/\/www.yungayino.cl\/noticias\/index.php?rest_route=\/wp\/v2\/posts\/26095\/revisions\/26097"}],"wp:featuredmedia":[{"embeddable":true,"href":"https:\/\/www.yungayino.cl\/noticias\/index.php?rest_route=\/wp\/v2\/media\/26096"}],"wp:attachment":[{"href":"https:\/\/www.yungayino.cl\/noticias\/index.php?rest_route=%2Fwp%2Fv2%2Fmedia&parent=26095"}],"wp:term":[{"taxonomy":"category","embeddable":true,"href":"https:\/\/www.yungayino.cl\/noticias\/index.php?rest_route=%2Fwp%2Fv2%2Fcategories&post=26095"},{"taxonomy":"post_tag","embeddable":true,"href":"https:\/\/www.yungayino.cl\/noticias\/index.php?rest_route=%2Fwp%2Fv2%2Ftags&post=26095"}],"curies":[{"name":"wp","href":"https:\/\/api.w.org\/{rel}","templated":true}]}}