{"id":26101,"date":"2022-05-08T07:00:04","date_gmt":"2022-05-08T10:00:04","guid":{"rendered":"http:\/\/www.yungayino.cl\/noticias\/?p=26101"},"modified":"2022-05-05T13:03:23","modified_gmt":"2022-05-05T16:03:23","slug":"mineduc-invertira-mas-de-mil-600-millones-de-pesos-en-siete-establecimientos-educacionales-publicos-de-nuble","status":"publish","type":"post","link":"https:\/\/www.yungayino.cl\/noticias\/?p=26101","title":{"rendered":"Mineduc Invertir\u00e1 M\u00e1s de Mil 600 Millones de Pesos en Siete Establecimientos Educacionales P\u00fablicos de \u00d1uble"},"content":{"rendered":"<p><img loading=\"lazy\" decoding=\"async\" class=\"alignnone size-full wp-image-26102\" src=\"http:\/\/www.yungayino.cl\/noticias\/wp-content\/uploads\/2022\/05\/2.jpg\" alt=\"\" width=\"700\" height=\"350\" srcset=\"https:\/\/www.yungayino.cl\/noticias\/wp-content\/uploads\/2022\/05\/2.jpg 700w, https:\/\/www.yungayino.cl\/noticias\/wp-content\/uploads\/2022\/05\/2-300x150.jpg 300w\" sizes=\"auto, (max-width: 700px) 100vw, 700px\" \/><\/p>\n<p style=\"text-align: justify;\">\u00d1uble, mayo 2022: Este financiamiento en infraestructura escolar se llevar\u00e1 a cabo en 6 comunas de la regi\u00f3n y ser\u00e1 con un tope de hasta $300 millones por establecimiento, dependiendo de su realidad.<\/p>\n<p style=\"text-align: justify;\">El Delegado Presidencial, Claudio Ferrada, junto al Seremi de Educaci\u00f3n, C\u00e9sar Riquelme y los delegados provinciales de Itata y Punilla respectivamente, lideraron ceremonia de entrega de fondos de proyectos de conservaci\u00f3n e infraestructura 2022, que tiene como objetivo mejorar las condiciones de infraestructura de establecimientos municipales y corporaciones municipales, y de administraci\u00f3n delegada. Por lo mismo, la actividad cont\u00f3 con la presencia de los alcaldes y\/o representantes de Coelemu, Coihueco, Ninhue, Quirihue, San Nicol\u00e1s y <strong>Yungay<\/strong>.<\/p>\n<p style=\"text-align: justify;\">\u201cPara nosotros es necesario inyectar recursos para el fortalecimiento de los centros educacionales. Entendemos que el desarrollo educacional tiene que ver con condiciones adecuadas para sostener la educaci\u00f3n y este dinero va en ayuda para que las condiciones de infraestructura sean las m\u00e1s adecuadas para el desarrollo de las alumnas y alumnos de la regi\u00f3n\u201d, se\u00f1al\u00f3 Ferrada.<\/p>\n<p style=\"text-align: justify;\">En esta convocatoria fueron seleccionados 7 establecimientos educacionales en la regi\u00f3n: Escuela Domitila Urrejola (Coihueco), Escuela B\u00e1sica Puente el Ala (San Nicol\u00e1s), Liceo Arturo Prat Chac\u00f3n (Ninhue), <strong>Escuela B\u00e1sica Ranchillos (Yungay)<\/strong>, Liceo Polivalente Carlos Montan\u00e9 Castro (Quirihue) y Escuela Vegas de Itata y Escuela Clementina Maureira de Coelemu.<\/p>\n<p style=\"text-align: justify;\">El Seremi de Educaci\u00f3n, C\u00e9sar Riquelme, valor\u00f3 la inversi\u00f3n que se realizar\u00e1 en la regi\u00f3n y que beneficiar\u00e1 a m\u00e1s de mil 200 estudiantes \u201chemos hecho entrega de mil 668 millones de pesos en lo que se denomina proyectos de conservaci\u00f3n, de modo que estos establecimientos puedan realizar arreglos, reparaciones necesarias para generar un espacio educacional adecuado y digno para nuestros estudiantes\u201d.<\/p>\n<p style=\"text-align: justify;\">Esta transferencia de recursos contempla las reparaciones de distintas \u00e1reas, tales como los servicios higi\u00e9nicos, reposici\u00f3n de techumbres, pinturas y tambi\u00e9n la incorporaci\u00f3n de otras intervenciones como la instalaci\u00f3n de envolvente t\u00e9rmica, cambio de ventanas, mejorar las condiciones de accesibilidad universal y la conservaci\u00f3n de patios y\/o multicanchas.<\/p>\n<p style=\"text-align: justify;\">\u201cEs una inversi\u00f3n muy buena, especialmente para nuestra escuela rural que nos va a permitir mejorar las condiciones de estad\u00eda de nuestros alumnos. Esto mejorar\u00e1 el bienestar de los ni\u00f1os y tambi\u00e9n la calidad de la educaci\u00f3n. Estamos agradecidos con el gobierno con este aporte para nuestra comuna\u201d, indic\u00f3 el alcalde de Yungay, Rafael Cifuentes.<\/p>\n<p style=\"text-align: justify;\">A nivel pa\u00eds, fueron seleccionados 76 establecimientos educacionales distribuidos en 10 regiones y en 62 comunas, quienes recibir\u00e1n recursos para el financiamiento de proyectos de conservaci\u00f3n, con una inversi\u00f3n total de m\u00e1s de 20 mil millones de pesos.<\/p>\n","protected":false},"excerpt":{"rendered":"<p>\u00d1uble, mayo 2022: Este financiamiento en infraestructura escolar se llevar\u00e1 a cabo en 6 comunas de la regi\u00f3n y ser\u00e1 con un tope de hasta $300 millones por establecimiento, dependiendo de su realidad. El&#46;&#46;&#46;<\/p>\n","protected":false},"author":2,"featured_media":26102,"comment_status":"closed","ping_status":"open","sticky":false,"template":"","format":"standard","meta":{"footnotes":""},"categories":[1],"tags":[366,2593,1115,8,6,117],"class_list":["post-26101","post","type-post","status-publish","format-standard","has-post-thumbnail","hentry","category-noticias","tag-educacion","tag-escuela-basica-ranchillos","tag-noticias","tag-yungay","tag-yungayino","tag-yungayinocl"],"_links":{"self":[{"href":"https:\/\/www.yungayino.cl\/noticias\/index.php?rest_route=\/wp\/v2\/posts\/26101","targetHints":{"allow":["GET"]}}],"collection":[{"href":"https:\/\/www.yungayino.cl\/noticias\/index.php?rest_route=\/wp\/v2\/posts"}],"about":[{"href":"https:\/\/www.yungayino.cl\/noticias\/index.php?rest_route=\/wp\/v2\/types\/post"}],"author":[{"embeddable":true,"href":"https:\/\/www.yungayino.cl\/noticias\/index.php?rest_route=\/wp\/v2\/users\/2"}],"replies":[{"embeddable":true,"href":"https:\/\/www.yungayino.cl\/noticias\/index.php?rest_route=%2Fwp%2Fv2%2Fcomments&post=26101"}],"version-history":[{"count":1,"href":"https:\/\/www.yungayino.cl\/noticias\/index.php?rest_route=\/wp\/v2\/posts\/26101\/revisions"}],"predecessor-version":[{"id":26103,"href":"https:\/\/www.yungayino.cl\/noticias\/index.php?rest_route=\/wp\/v2\/posts\/26101\/revisions\/26103"}],"wp:featuredmedia":[{"embeddable":true,"href":"https:\/\/www.yungayino.cl\/noticias\/index.php?rest_route=\/wp\/v2\/media\/26102"}],"wp:attachment":[{"href":"https:\/\/www.yungayino.cl\/noticias\/index.php?rest_route=%2Fwp%2Fv2%2Fmedia&parent=26101"}],"wp:term":[{"taxonomy":"category","embeddable":true,"href":"https:\/\/www.yungayino.cl\/noticias\/index.php?rest_route=%2Fwp%2Fv2%2Fcategories&post=26101"},{"taxonomy":"post_tag","embeddable":true,"href":"https:\/\/www.yungayino.cl\/noticias\/index.php?rest_route=%2Fwp%2Fv2%2Ftags&post=26101"}],"curies":[{"name":"wp","href":"https:\/\/api.w.org\/{rel}","templated":true}]}}