{"id":26129,"date":"2022-05-21T07:00:07","date_gmt":"2022-05-21T10:00:07","guid":{"rendered":"http:\/\/www.yungayino.cl\/noticias\/?p=26129"},"modified":"2022-05-16T21:16:20","modified_gmt":"2022-05-17T00:16:20","slug":"llaman-a-personas-mayores-a-participar-del-concurso-literario-autobiografico-de-senama","status":"publish","type":"post","link":"https:\/\/www.yungayino.cl\/noticias\/?p=26129","title":{"rendered":"Llaman a Personas Mayores a Participar del Concurso Literario Autobiogr\u00e1fico de Senama"},"content":{"rendered":"<p><img loading=\"lazy\" decoding=\"async\" class=\"alignnone size-full wp-image-26130\" src=\"http:\/\/www.yungayino.cl\/noticias\/wp-content\/uploads\/2022\/05\/Lectura.jpg\" alt=\"\" width=\"700\" height=\"391\" srcset=\"https:\/\/www.yungayino.cl\/noticias\/wp-content\/uploads\/2022\/05\/Lectura.jpg 700w, https:\/\/www.yungayino.cl\/noticias\/wp-content\/uploads\/2022\/05\/Lectura-300x168.jpg 300w, https:\/\/www.yungayino.cl\/noticias\/wp-content\/uploads\/2022\/05\/Lectura-269x150.jpg 269w\" sizes=\"auto, (max-width: 700px) 100vw, 700px\" \/><\/p>\n<p style=\"text-align: justify;\">Nacional, mayo 2022: Hasta el 29 de julio de este a\u00f1o se recepcionar\u00e1n las obras literarias de esta convocatoria nacional que busca rescatar a trav\u00e9s de la escritura creativa de relatos autobiogr\u00e1ficos, las experiencias de vida de las personas mayores y el aporte que realizan en la construcci\u00f3n del pa\u00eds.<\/p>\n<p style=\"text-align: justify;\">Como una forma de rescatar la experiencia de vida de las personas mayores a trav\u00e9s de la escritura, se realiz\u00f3 el pasado jueves en Cobquecura, el lanzamiento del <strong>\u201cConcurso Literario Autobiogr\u00e1fico\u201d<\/strong>, que en su octava versi\u00f3n organiza el Servicio Nacional del Adulto Mayor (SENAMA). La actividad cont\u00f3 con la presencia de la Seremi de Desarrollo Social Marta Carvajal, de la Seremi de Culturas Scarlet Hidalgo y del Alcalde Julio Fuentes, adem\u00e1s de funcionarios de Senama \u00d1uble y la especial participaci\u00f3n de los usuarios del Centro Diurno Comunitario de Buchupureo.<\/p>\n<p style=\"text-align: justify;\">La representante del Ministerio de Desarrollo Social y Familia en la regi\u00f3n de \u00d1uble expres\u00f3 que, \u201cQuiero invitar a todas y todos los adultos mayores de la regi\u00f3n, a participar en este concurso literario que busca recoger los relatos y las historias, que como personas mayores puedan transmitirnos con el fin de poder conocer y recoger sus experiencias. Los invitamos a todos a participar, escribir sus historias ya sea en papel o computador pues encontrar\u00e1n en todas las comunas, personas encargadas de los centros de adulto mayor que puedan recoger sus relatos y poder subirlos al correo electr\u00f3nico para que puedan ser parte de este concurso a nivel nacional y tener la posibilidad de reflejar sus relatos en un libro que va a publicar el Servicio Nacional del Adulto Mayor, as\u00ed que reiteramos la invitaci\u00f3n a todos y todas a participar, sin miedo, a atreverse a contar sus historias que tienen un gran valor para todos nosotros en la regi\u00f3n\u201d.<\/p>\n<p style=\"text-align: justify;\">La autoridad agreg\u00f3 adem\u00e1s que estas acciones van en directa relaci\u00f3n con el programa de gobierno del Presidente Gabriel Boric, respecto a fortalecer las l\u00edneas de trabajo en pro del envejecimiento positivo de las personas mayores.<\/p>\n<p style=\"text-align: justify;\">El arte y las otras expresiones culturales son herramientas importantes para poder generar una activaci\u00f3n en las personas, especialmente para las personas mayores que como consecuencia de la pandemia, muchas de ellas vieron afectadas sus relaciones humanas y su salud mental. Al respecto la Seremi de las Culturas, las Artes y el Patrimonio de \u00d1uble, Scarlet Hidalgo Jara manifest\u00f3 \u201cA trav\u00e9s de este concurso ayudamos a mejorar la calidad de la vida de las personas mayores y tambi\u00e9n nos permite rescatar y archivar la memoria de quienes han forjado la identidad de \u00d1uble a trav\u00e9s de sus propias vivencias. Con cada relato autobiogr\u00e1fico podemos conocer m\u00e1s de nuestra propia historia c\u00f3mo regi\u00f3n\u201d.<\/p>\n<p style=\"text-align: justify;\">El Servicio Nacional del Adulto Mayor busca contribuir al envejecimiento activo de las personas mayores, proporcionando oportunidades para el desarrollo personal, cognitivo, biol\u00f3gico, f\u00edsico y de participaci\u00f3n social, para el fomento de la responsabilidad personal y social, el encuentro entre pares, la solidaridad intergeneracional y la creaci\u00f3n de entornos favorables, aportando a la calidad de vida y el cuidado de la autonom\u00eda hasta el final de la vida.<\/p>\n<p style=\"text-align: justify;\">El alcalde Julio Fuentes Alarc\u00f3n por su parte, manifest\u00f3 \u201cEsta actividad, que llevamos a cabo en nuestro centro de atenci\u00f3n diurno en Buchupureo, est\u00e1 llena de orgullo, de sentimientos por varias razones. Una de ellas es porque estos dos largos a\u00f1os de la pandemia, no hab\u00eda permitido reunirnos, desarrollar la convivencia y el compartir experiencias entre nuestros adultos mayores. En segundo lugar por cuanto fuimos elegidos para el lanzamiento de esta versi\u00f3n de este concurso literario debido a que en la versi\u00f3n anterior, tuvimos a la ganadora del primer lugar regional de manos de nuestra poetisa, ex profesora y adem\u00e1s un personaje reconocido de la comuna, la se\u00f1ora Mar\u00eda Mercedes Cancino, lo que nos permite cada d\u00eda, enorgullecernos m\u00e1s de nuestra gente, de nuestra comuna y por sobre todo estamos demostrando que contar con este lugar de encuentro para nuestros adultos mayores en Buchupureo, est\u00e1 cumpliendo su objetivo. Queremos que ellos se sientan parte del desarrollo y del caminar de nuestra comuna\u201d.<\/p>\n<p style=\"text-align: justify;\">En nuestra regi\u00f3n este concurso Literario ha tomado cada a\u00f1o mayor protagonismo entre las personas mayores, siendo el a\u00f1o 2021 donde Cobquecura fue la comuna de la regi\u00f3n que mayor cantidad de relatos present\u00f3 y tambi\u00e9n de esta comuna fue la ganadora regional, la Sra. Mar\u00eda Mercedes Cancino con su relato \u201cEl Relincho\u201d, quien sobre su participaci\u00f3n en el concurso del a\u00f1o pasado manifest\u00f3 \u201cAgradecer sinceramente a las organizaciones presentes porque cada uno de ellos nos est\u00e1 aportando cada d\u00eda a los adultos mayores. Nos entregan energ\u00eda y deseos de vivir, su preocupaci\u00f3n es constante. Hay calidez, hay solidaridad, hay empat\u00eda en su trabajo de ponerse en el lugar de todos nosotros, ya que a estas alturas de la vida se nos van terminando las fuerzas, as\u00ed es que agradecemos mucho a todos. Fue algo muy bonito, muy emocionante sobre todo para m\u00ed con mis ochenta y cuatro a\u00f1os de edad\u201d.<\/p>\n<p style=\"text-align: justify;\">Para participar del concurso, las personas mayores deben enviar sus relatos autobiogr\u00e1ficos, escritos en verso o prosa, originales e in\u00e9ditos con una extensi\u00f3n que no puede superar las 8 carillas, los que ser\u00e1n recepcionados hasta el 29 de Julio en el mail <strong><a href=\"mailto:concursoliterario@senama.cl\">concursoliterario@senama.cl<\/a><\/strong> y los resultados ser\u00e1n publicados en la p\u00e1gina <strong><a href=\"http:\/\/www.senama.gob.cl\">www.senama.gob.cl<\/a> <\/strong>\u00a0el 6 de septiembre. Los relatos ganadores ser\u00e1n publicados en la octava edici\u00f3n de la colecci\u00f3n Concurso Literario Autobiogr\u00e1fico para Personas Mayores.<\/p>\n","protected":false},"excerpt":{"rendered":"<p>Nacional, mayo 2022: Hasta el 29 de julio de este a\u00f1o se recepcionar\u00e1n las obras literarias de esta convocatoria nacional que busca rescatar a trav\u00e9s de la escritura creativa de relatos autobiogr\u00e1ficos, las experiencias&#46;&#46;&#46;<\/p>\n","protected":false},"author":2,"featured_media":26130,"comment_status":"closed","ping_status":"open","sticky":false,"template":"","format":"standard","meta":{"footnotes":""},"categories":[1],"tags":[2594,1115,1678,8,6,117],"class_list":["post-26129","post","type-post","status-publish","format-standard","has-post-thumbnail","hentry","category-noticias","tag-concurso-literario-autobiografico","tag-noticias","tag-nuble","tag-yungay","tag-yungayino","tag-yungayinocl"],"_links":{"self":[{"href":"https:\/\/www.yungayino.cl\/noticias\/index.php?rest_route=\/wp\/v2\/posts\/26129","targetHints":{"allow":["GET"]}}],"collection":[{"href":"https:\/\/www.yungayino.cl\/noticias\/index.php?rest_route=\/wp\/v2\/posts"}],"about":[{"href":"https:\/\/www.yungayino.cl\/noticias\/index.php?rest_route=\/wp\/v2\/types\/post"}],"author":[{"embeddable":true,"href":"https:\/\/www.yungayino.cl\/noticias\/index.php?rest_route=\/wp\/v2\/users\/2"}],"replies":[{"embeddable":true,"href":"https:\/\/www.yungayino.cl\/noticias\/index.php?rest_route=%2Fwp%2Fv2%2Fcomments&post=26129"}],"version-history":[{"count":1,"href":"https:\/\/www.yungayino.cl\/noticias\/index.php?rest_route=\/wp\/v2\/posts\/26129\/revisions"}],"predecessor-version":[{"id":26131,"href":"https:\/\/www.yungayino.cl\/noticias\/index.php?rest_route=\/wp\/v2\/posts\/26129\/revisions\/26131"}],"wp:featuredmedia":[{"embeddable":true,"href":"https:\/\/www.yungayino.cl\/noticias\/index.php?rest_route=\/wp\/v2\/media\/26130"}],"wp:attachment":[{"href":"https:\/\/www.yungayino.cl\/noticias\/index.php?rest_route=%2Fwp%2Fv2%2Fmedia&parent=26129"}],"wp:term":[{"taxonomy":"category","embeddable":true,"href":"https:\/\/www.yungayino.cl\/noticias\/index.php?rest_route=%2Fwp%2Fv2%2Fcategories&post=26129"},{"taxonomy":"post_tag","embeddable":true,"href":"https:\/\/www.yungayino.cl\/noticias\/index.php?rest_route=%2Fwp%2Fv2%2Ftags&post=26129"}],"curies":[{"name":"wp","href":"https:\/\/api.w.org\/{rel}","templated":true}]}}