{"id":26142,"date":"2022-05-15T07:00:09","date_gmt":"2022-05-15T10:00:09","guid":{"rendered":"http:\/\/www.yungayino.cl\/noticias\/?p=26142"},"modified":"2022-05-12T19:34:12","modified_gmt":"2022-05-12T22:34:12","slug":"omil-yungay-participo-del-primer-encuentro-de-empresas-de-la-red-de-intermediacion-laboral-omil-entre-rios-y-vinedos","status":"publish","type":"post","link":"https:\/\/www.yungayino.cl\/noticias\/?p=26142","title":{"rendered":"OMIL Yungay Particip\u00f3 del Primer Encuentro de Empresas de la RED de Intermediaci\u00f3n Laboral \u00abOmil, Entre R\u00edos y Vi\u00f1edos\u00bb"},"content":{"rendered":"<p><img loading=\"lazy\" decoding=\"async\" class=\"alignnone size-full wp-image-26143\" src=\"http:\/\/www.yungayino.cl\/noticias\/wp-content\/uploads\/2022\/05\/5.jpg\" alt=\"\" width=\"700\" height=\"350\" srcset=\"https:\/\/www.yungayino.cl\/noticias\/wp-content\/uploads\/2022\/05\/5.jpg 700w, https:\/\/www.yungayino.cl\/noticias\/wp-content\/uploads\/2022\/05\/5-300x150.jpg 300w\" sizes=\"auto, (max-width: 700px) 100vw, 700px\" \/><\/p>\n<p style=\"text-align: justify;\">Mayo 2022: En la instancia, en la que tambi\u00e9n participaron los profesionales de nuestras comunas vecinas, Bulnes, Quill\u00f3n y Pemuco, se destac\u00f3 la finalidad de la Ley n\u00b021.015 de Inclusi\u00f3n Laboral y la promoci\u00f3n de una inclusi\u00f3n eficaz de las personas con discapacidad, tanto en el \u00e1mbito p\u00fablico como en el privado.<\/p>\n<p style=\"text-align: justify;\">Municipio Yungayino, a trav\u00e9s de la direcci\u00f3n de desarrollo econ\u00f3mico, destac\u00f3 la vinculaci\u00f3n de las empresas con el entorno local, desde la experiencia de Yungay y la comunidad.<\/p>\n<p style=\"text-align: justify;\">En la actividad, los participantes presenciaron la presentaci\u00f3n del Director Regional de SENCE, Rodolfo Zaror, la seremi del Trabajo y Previsi\u00f3n Social, Natalia L\u00f3pez Hermosilla y otras empresas de las comunas que conforman la red territorial OMIL \u00abEntre r\u00edos y vi\u00f1edos: Yungay, Pemuco, Bulnes y Quill\u00f3n\u00bb.<\/p>\n","protected":false},"excerpt":{"rendered":"<p>Mayo 2022: En la instancia, en la que tambi\u00e9n participaron los profesionales de nuestras comunas vecinas, Bulnes, Quill\u00f3n y Pemuco, se destac\u00f3 la finalidad de la Ley n\u00b021.015 de Inclusi\u00f3n Laboral y la promoci\u00f3n&#46;&#46;&#46;<\/p>\n","protected":false},"author":2,"featured_media":26143,"comment_status":"closed","ping_status":"open","sticky":false,"template":"","format":"standard","meta":{"footnotes":""},"categories":[1],"tags":[1115,8,6,117],"class_list":["post-26142","post","type-post","status-publish","format-standard","has-post-thumbnail","hentry","category-noticias","tag-noticias","tag-yungay","tag-yungayino","tag-yungayinocl"],"_links":{"self":[{"href":"https:\/\/www.yungayino.cl\/noticias\/index.php?rest_route=\/wp\/v2\/posts\/26142","targetHints":{"allow":["GET"]}}],"collection":[{"href":"https:\/\/www.yungayino.cl\/noticias\/index.php?rest_route=\/wp\/v2\/posts"}],"about":[{"href":"https:\/\/www.yungayino.cl\/noticias\/index.php?rest_route=\/wp\/v2\/types\/post"}],"author":[{"embeddable":true,"href":"https:\/\/www.yungayino.cl\/noticias\/index.php?rest_route=\/wp\/v2\/users\/2"}],"replies":[{"embeddable":true,"href":"https:\/\/www.yungayino.cl\/noticias\/index.php?rest_route=%2Fwp%2Fv2%2Fcomments&post=26142"}],"version-history":[{"count":2,"href":"https:\/\/www.yungayino.cl\/noticias\/index.php?rest_route=\/wp\/v2\/posts\/26142\/revisions"}],"predecessor-version":[{"id":26145,"href":"https:\/\/www.yungayino.cl\/noticias\/index.php?rest_route=\/wp\/v2\/posts\/26142\/revisions\/26145"}],"wp:featuredmedia":[{"embeddable":true,"href":"https:\/\/www.yungayino.cl\/noticias\/index.php?rest_route=\/wp\/v2\/media\/26143"}],"wp:attachment":[{"href":"https:\/\/www.yungayino.cl\/noticias\/index.php?rest_route=%2Fwp%2Fv2%2Fmedia&parent=26142"}],"wp:term":[{"taxonomy":"category","embeddable":true,"href":"https:\/\/www.yungayino.cl\/noticias\/index.php?rest_route=%2Fwp%2Fv2%2Fcategories&post=26142"},{"taxonomy":"post_tag","embeddable":true,"href":"https:\/\/www.yungayino.cl\/noticias\/index.php?rest_route=%2Fwp%2Fv2%2Ftags&post=26142"}],"curies":[{"name":"wp","href":"https:\/\/api.w.org\/{rel}","templated":true}]}}