{"id":26146,"date":"2022-05-16T07:00:20","date_gmt":"2022-05-16T10:00:20","guid":{"rendered":"http:\/\/www.yungayino.cl\/noticias\/?p=26146"},"modified":"2022-05-12T19:35:32","modified_gmt":"2022-05-12T22:35:32","slug":"mop-inicia-plan-de-invierno-para-mantener-conectividad-en-la-zona-cordillerana-de-nuble","status":"publish","type":"post","link":"https:\/\/www.yungayino.cl\/noticias\/?p=26146","title":{"rendered":"MOP Inicia Plan de Invierno Para Mantener Conectividad en la Zona Cordillerana de \u00d1uble"},"content":{"rendered":"<p><img loading=\"lazy\" decoding=\"async\" class=\"alignnone size-full wp-image-26147\" src=\"http:\/\/www.yungayino.cl\/noticias\/wp-content\/uploads\/2022\/05\/7.jpg\" alt=\"\" width=\"700\" height=\"350\" srcset=\"https:\/\/www.yungayino.cl\/noticias\/wp-content\/uploads\/2022\/05\/7.jpg 700w, https:\/\/www.yungayino.cl\/noticias\/wp-content\/uploads\/2022\/05\/7-300x150.jpg 300w\" sizes=\"auto, (max-width: 700px) 100vw, 700px\" \/><\/p>\n<p style=\"text-align: justify;\">\u00d1uble, mayo 2022: El Seremi de Obras P\u00fablicas de \u00d1uble, Paulo de la Fuente, se traslad\u00f3 hasta el sector cordillerano de Las Trancas en la comuna de Pinto, para iniciar con anticipaci\u00f3n, un plan especial de invierno en la zona, que considera la disposici\u00f3n de personal y maquinaria especializada para desarrollar labores de emergencia, mantenci\u00f3n y despeje de nieve, con el fin de mantener durante la temporada, la conectividad operativa en las rutas y caminos de la zona cordillera, especialmente en este sector que es un polo tur\u00edstico importante en el invierno.<\/p>\n<p style=\"text-align: justify;\">\u201cPara nosotros como Ministerio de Obras P\u00fablicas, como nos ha indicado nuestro Ministro Juan Carlos Garc\u00eda y el Presidente Gabriel Boric, debemos estar preparados y alertas ante cualquier contingencia que pueda causar inconvenientes para las personas, y es por eso que hemos decidido iniciar de forma anticipada el plan invierno, que nos permite contar con una cuadrilla que la componen seis personas m\u00e1s un capataz, y un cami\u00f3n 3\/4 y el maquinista de la motoniveladora, que nos presta los servicios de despeje en la ruta por derrumbes o por nieve, adem\u00e1s la prestaci\u00f3n del servicio del cami\u00f3n 3\/4 junto al equipo de la global, lo que hace es que cada vez que exista una emergencia, prestar el servicio para tener despejada la ruta y echarle tratamiento de sal para que no se produzca un pavimento resbaladizo. Evitar accidentes, esa es la idea\u201d, inform\u00f3 De La Fuente Paredes.<\/p>\n<p style=\"text-align: justify;\">La autoridad del MOP en \u00d1uble reiter\u00f3 que \u201cconversamos con carabineros los requerimientos que ellos tienen, tambi\u00e9n hemos conversado con el alcalde de Pinto, coordinando el trabajo con el inspector fiscal. La idea es trabajar en equipo, esto es un solo equipo que est\u00e1 al servicio de las personas y habitantes de la comuna de Pinto, tambi\u00e9n de un sector que involucra a Termas de Chill\u00e1n que pertenece a la municipalidad de Chill\u00e1n. Vamos a seguir monitoreando y trabajando en coordinaci\u00f3n, con la idea de evitar accidentes y que los requerimientos y necesidades de las personas sean escuchadas por el Ministerio de Obras P\u00fablicas, para plasmarlo en mejores contratos y mejores prestaciones de servicios\u201d.<\/p>\n<p style=\"text-align: justify;\">Por su parte, V\u00edctor Flores, administrador municipal de Pinto, junto con agradecer al MOP el inicio de este plan especial, explic\u00f3 la importancia de estos trabajos para la comunidad. \u201cPara nosotros como municipalidad, en nombre de nuestro alcalde Manuel Guzm\u00e1n, es un agrado, un honor tener este tipo de instancias, este tipo de coordinaci\u00f3n con el gobierno a trav\u00e9s de su seremi, donde se manifiesta la preocupaci\u00f3n que tiene de servicio p\u00fablico, en definitiva, por tener un buen servicio para la comunidad. Se viene la temporada de invierno y la preocupaci\u00f3n por supuesto que es de todos de tener esta mirada hacia la gente, para poder prestar un mejor servicio y tener una mejor calidad de vida\u201d, se\u00f1al\u00f3 el funcionario municipal.<\/p>\n<p style=\"text-align: justify;\">Equipo operativo<\/p>\n<p style=\"text-align: justify;\">Con la finalidad de atender las necesidades que puedan ocurrir en la ruta N-55, que va del cruce N-545 Chill\u00e1n, avenida Alonso de Ercilla a Pinto\u00a0 y Termas de Chill\u00e1n, esto dado las condiciones clim\u00e1ticas presentes desde el kil\u00f3metro 55 en adelante, por motivos de ca\u00edda de nieve y zonas de congelamiento del pavimento, el contrato global cuenta con diferentes equipos para abordar emergencias que se presenten en la ruta y tambi\u00e9n mantener el tr\u00e1nsito en condiciones favorables, precis\u00f3 Felipe Garrido, inspector fiscal de Vialidad.<\/p>\n<p style=\"text-align: justify;\">En detalle, \u201cpara despeje de nieve se cuenta con una motoniveladora, la cual opera con sistema de cadenas para mejorar la tracci\u00f3n y realizar despeje de nieve. Luego del retiro y despeje de nieve, se cuenta con la aplicaci\u00f3n de productos anticongelantes, los cuales permiten que la ruta no llegue al punto de congelamiento y formaci\u00f3n de hielo sobre el rodado del pavimento. Adem\u00e1s, se cuenta con una cuadrilla de emergencia, que consta de un capataz y seis trabajadores, con movilizaci\u00f3n exclusiva para eventuales emergencias\u201d, precis\u00f3 Garrido.<\/p>\n","protected":false},"excerpt":{"rendered":"<p>\u00d1uble, mayo 2022: El Seremi de Obras P\u00fablicas de \u00d1uble, Paulo de la Fuente, se traslad\u00f3 hasta el sector cordillerano de Las Trancas en la comuna de Pinto, para iniciar con anticipaci\u00f3n, un plan&#46;&#46;&#46;<\/p>\n","protected":false},"author":2,"featured_media":26147,"comment_status":"closed","ping_status":"open","sticky":false,"template":"","format":"standard","meta":{"footnotes":""},"categories":[1],"tags":[1115,8,6,117],"class_list":["post-26146","post","type-post","status-publish","format-standard","has-post-thumbnail","hentry","category-noticias","tag-noticias","tag-yungay","tag-yungayino","tag-yungayinocl"],"_links":{"self":[{"href":"https:\/\/www.yungayino.cl\/noticias\/index.php?rest_route=\/wp\/v2\/posts\/26146","targetHints":{"allow":["GET"]}}],"collection":[{"href":"https:\/\/www.yungayino.cl\/noticias\/index.php?rest_route=\/wp\/v2\/posts"}],"about":[{"href":"https:\/\/www.yungayino.cl\/noticias\/index.php?rest_route=\/wp\/v2\/types\/post"}],"author":[{"embeddable":true,"href":"https:\/\/www.yungayino.cl\/noticias\/index.php?rest_route=\/wp\/v2\/users\/2"}],"replies":[{"embeddable":true,"href":"https:\/\/www.yungayino.cl\/noticias\/index.php?rest_route=%2Fwp%2Fv2%2Fcomments&post=26146"}],"version-history":[{"count":2,"href":"https:\/\/www.yungayino.cl\/noticias\/index.php?rest_route=\/wp\/v2\/posts\/26146\/revisions"}],"predecessor-version":[{"id":26149,"href":"https:\/\/www.yungayino.cl\/noticias\/index.php?rest_route=\/wp\/v2\/posts\/26146\/revisions\/26149"}],"wp:featuredmedia":[{"embeddable":true,"href":"https:\/\/www.yungayino.cl\/noticias\/index.php?rest_route=\/wp\/v2\/media\/26147"}],"wp:attachment":[{"href":"https:\/\/www.yungayino.cl\/noticias\/index.php?rest_route=%2Fwp%2Fv2%2Fmedia&parent=26146"}],"wp:term":[{"taxonomy":"category","embeddable":true,"href":"https:\/\/www.yungayino.cl\/noticias\/index.php?rest_route=%2Fwp%2Fv2%2Fcategories&post=26146"},{"taxonomy":"post_tag","embeddable":true,"href":"https:\/\/www.yungayino.cl\/noticias\/index.php?rest_route=%2Fwp%2Fv2%2Ftags&post=26146"}],"curies":[{"name":"wp","href":"https:\/\/api.w.org\/{rel}","templated":true}]}}