{"id":26155,"date":"2022-05-18T07:00:23","date_gmt":"2022-05-18T10:00:23","guid":{"rendered":"http:\/\/www.yungayino.cl\/noticias\/?p=26155"},"modified":"2022-05-16T21:14:36","modified_gmt":"2022-05-17T00:14:36","slug":"buscan-fomentar-el-deporte-en-recintos-penitenciarios-de-nuble","status":"publish","type":"post","link":"https:\/\/www.yungayino.cl\/noticias\/?p=26155","title":{"rendered":"Buscan Fomentar el Deporte en Recintos Penitenciarios de \u00d1uble"},"content":{"rendered":"<p><img loading=\"lazy\" decoding=\"async\" class=\"alignnone size-full wp-image-26156\" src=\"http:\/\/www.yungayino.cl\/noticias\/wp-content\/uploads\/2022\/05\/2-2.jpg\" alt=\"\" width=\"700\" height=\"351\" srcset=\"https:\/\/www.yungayino.cl\/noticias\/wp-content\/uploads\/2022\/05\/2-2.jpg 700w, https:\/\/www.yungayino.cl\/noticias\/wp-content\/uploads\/2022\/05\/2-2-300x150.jpg 300w, https:\/\/www.yungayino.cl\/noticias\/wp-content\/uploads\/2022\/05\/2-2-299x150.jpg 299w\" sizes=\"auto, (max-width: 700px) 100vw, 700px\" \/><\/p>\n<p style=\"text-align: justify;\">\u00d1uble, mayo 2022: Alianza entre el Mindep-IND y Gendarmer\u00eda dotar\u00e1n de implementaci\u00f3n deportiva a diferentes unidades penales.<\/p>\n<p style=\"text-align: justify;\">En un contexto de pandemia, y con una sociedad cada vez m\u00e1s convulsionada por actos de violencia, la pr\u00e1ctica deportiva y de actividad f\u00edsica gana cada vez m\u00e1s terreno como una importante herramienta para mejorar la salud mental y f\u00edsica de la poblaci\u00f3n en general.<\/p>\n<p style=\"text-align: justify;\">Bajo este prisma, y entendiendo el deporte como un derecho humano fundamental que debe llegar a toda la poblaci\u00f3n, el Mindep-IND \u00d1uble busca fomentar la actividad f\u00edsica en personas privadas de libertad y que actualmente cumplen condena en recintos penitenciarios de la regi\u00f3n.<\/p>\n<p style=\"text-align: justify;\">Para eso, se hizo entrega a la Direcci\u00f3n Regional de Gendarmer\u00eda de un conjunto de set deportivos que incluyen la implementaci\u00f3n necesaria para ejecutar talleres de baby f\u00fatbol, b\u00e1squetbol, tenis de mesa, yoga; adem\u00e1s de art\u00edculos como petos, bombines, bolsos y silbatos, entre otros.<\/p>\n<p style=\"text-align: justify;\">El Seremi del Deporte, Julio Jorquera, explic\u00f3 que \u201cesto se condice con nuestra convicci\u00f3n de que el deporte es un derecho humano fundamental, y por ende debe ser accesible para todos y todas. La inversi\u00f3n se realiz\u00f3 a trav\u00e9s de nuestro programa de Deporte y Participaci\u00f3n Social del Mindep-IND, que abarca desde mujeres, adultos mayores, j\u00f3venes, personas con discapacidad y privadas de libertad, entre otras. En conclusi\u00f3n, todos quienes componen nuestra diversa sociedad\u201d.<\/p>\n<p style=\"text-align: justify;\">En tanto, el Director Regional de Gendarmer\u00eda, Coronel Rafael Ruiz Fern\u00e1ndez, precis\u00f3 que \u201ca trav\u00e9s del convenio de colaboraci\u00f3n con el IND y la Serem\u00eda del Deporte, donde se nos hace entrega de un valioso material, sin duda se contribuir\u00e1 a la continuidad de variados programas que ejecutan nuestros funcionarios en las distintas unidades penales de la regi\u00f3n, transmitiendo positivos valores como el trabajo en equipo y la disciplina, para lograr la rehabilitaci\u00f3n y reinserci\u00f3n de las personas privadas de libertad\u201d, finaliz\u00f3.<\/p>\n","protected":false},"excerpt":{"rendered":"<p>\u00d1uble, mayo 2022: Alianza entre el Mindep-IND y Gendarmer\u00eda dotar\u00e1n de implementaci\u00f3n deportiva a diferentes unidades penales. En un contexto de pandemia, y con una sociedad cada vez m\u00e1s convulsionada por actos de violencia,&#46;&#46;&#46;<\/p>\n","protected":false},"author":2,"featured_media":26156,"comment_status":"closed","ping_status":"open","sticky":false,"template":"","format":"standard","meta":{"footnotes":""},"categories":[17,1],"tags":[1120,1678,2595,8,6,117],"class_list":["post-26155","post","type-post","status-publish","format-standard","has-post-thumbnail","hentry","category-deporte","category-noticias","tag-deporte","tag-nuble","tag-recintos-penitenciarios","tag-yungay","tag-yungayino","tag-yungayinocl"],"_links":{"self":[{"href":"https:\/\/www.yungayino.cl\/noticias\/index.php?rest_route=\/wp\/v2\/posts\/26155","targetHints":{"allow":["GET"]}}],"collection":[{"href":"https:\/\/www.yungayino.cl\/noticias\/index.php?rest_route=\/wp\/v2\/posts"}],"about":[{"href":"https:\/\/www.yungayino.cl\/noticias\/index.php?rest_route=\/wp\/v2\/types\/post"}],"author":[{"embeddable":true,"href":"https:\/\/www.yungayino.cl\/noticias\/index.php?rest_route=\/wp\/v2\/users\/2"}],"replies":[{"embeddable":true,"href":"https:\/\/www.yungayino.cl\/noticias\/index.php?rest_route=%2Fwp%2Fv2%2Fcomments&post=26155"}],"version-history":[{"count":1,"href":"https:\/\/www.yungayino.cl\/noticias\/index.php?rest_route=\/wp\/v2\/posts\/26155\/revisions"}],"predecessor-version":[{"id":26157,"href":"https:\/\/www.yungayino.cl\/noticias\/index.php?rest_route=\/wp\/v2\/posts\/26155\/revisions\/26157"}],"wp:featuredmedia":[{"embeddable":true,"href":"https:\/\/www.yungayino.cl\/noticias\/index.php?rest_route=\/wp\/v2\/media\/26156"}],"wp:attachment":[{"href":"https:\/\/www.yungayino.cl\/noticias\/index.php?rest_route=%2Fwp%2Fv2%2Fmedia&parent=26155"}],"wp:term":[{"taxonomy":"category","embeddable":true,"href":"https:\/\/www.yungayino.cl\/noticias\/index.php?rest_route=%2Fwp%2Fv2%2Fcategories&post=26155"},{"taxonomy":"post_tag","embeddable":true,"href":"https:\/\/www.yungayino.cl\/noticias\/index.php?rest_route=%2Fwp%2Fv2%2Ftags&post=26155"}],"curies":[{"name":"wp","href":"https:\/\/api.w.org\/{rel}","templated":true}]}}