{"id":26182,"date":"2022-05-24T12:00:52","date_gmt":"2022-05-24T15:00:52","guid":{"rendered":"http:\/\/www.yungayino.cl\/noticias\/?p=26182"},"modified":"2022-05-24T13:26:10","modified_gmt":"2022-05-24T16:26:10","slug":"jornada-participacion-ciudadana-en-yungay","status":"publish","type":"post","link":"https:\/\/www.yungayino.cl\/noticias\/?p=26182","title":{"rendered":"Jornada Participaci\u00f3n Ciudadana en Yungay"},"content":{"rendered":"<p><img loading=\"lazy\" decoding=\"async\" class=\"alignnone size-full wp-image-26185\" src=\"http:\/\/www.yungayino.cl\/noticias\/wp-content\/uploads\/2022\/05\/24-mayo-calle-esmeralda.png\" alt=\"\" width=\"700\" height=\"700\" srcset=\"https:\/\/www.yungayino.cl\/noticias\/wp-content\/uploads\/2022\/05\/24-mayo-calle-esmeralda.png 700w, https:\/\/www.yungayino.cl\/noticias\/wp-content\/uploads\/2022\/05\/24-mayo-calle-esmeralda-300x300.png 300w, https:\/\/www.yungayino.cl\/noticias\/wp-content\/uploads\/2022\/05\/24-mayo-calle-esmeralda-150x150.png 150w, https:\/\/www.yungayino.cl\/noticias\/wp-content\/uploads\/2022\/05\/24-mayo-calle-esmeralda-80x80.png 80w, https:\/\/www.yungayino.cl\/noticias\/wp-content\/uploads\/2022\/05\/24-mayo-calle-esmeralda-320x320.png 320w\" sizes=\"auto, (max-width: 700px) 100vw, 700px\" \/><\/p>\n<p style=\"text-align: justify;\">Yungay, mayo 2022: Se invita a la comunidad para el jueves 26 de mayo a las 16:30 horas, donde se realizar\u00e1 una nueva jornada de participaci\u00f3n ciudadana en el sal\u00f3n auditorio de la biblioteca p\u00fablica ser\u00e1 el escenario para recibir las inquietudes de los vecinos y vecinas de la comuna sobre el mejoramiento del \u00e1rea peatonal de calle Esmeralda.<\/p>\n<p style=\"text-align: justify;\">En la propuesta de Mejoramiento del \u00e1rea peatonal de calle Esmeralda, el principal objetivo es ordenar, normalizar, y potenciar el uso del espacio p\u00fablico de sus aceras.<\/p>\n<p style=\"text-align: justify;\">Esto permitir\u00e1 espacios m\u00e1s legibles para el conductor y, por lo tanto, espacios m\u00e1s seguros y agradables para el peat\u00f3n.<\/p>\n<p style=\"text-align: justify;\">\u00bfC\u00f3mo se ordena, normaliza y potencia el uso del espacio p\u00fablico de calle Esmeralda?<\/p>\n<p style=\"text-align: justify;\">Para esto, la principal operaci\u00f3n de proyecto es el dise\u00f1o de una franja de mobiliario y paisajismo a ambos costados de la calle, cuya principal funci\u00f3n es diferenciar y resguardar el espacio del peat\u00f3n del espacio del conductor.<\/p>\n<p style=\"text-align: justify;\">Para esto, se demarcan de manera legible los accesos vehiculares, espacios de estacionamiento, as\u00ed tambi\u00e9n se interviene con jardineras, esca\u00f1os y refugios peatonales.<\/p>\n<p style=\"text-align: justify;\">Complementariamente, a una de las franjas se le incorpora una pista de ciclov\u00eda, que no solo aporta un modo de desplazamiento alternativo, si no que aporta una capa extra de resguardo al peat\u00f3n.<\/p>\n<p style=\"text-align: justify;\">Finalmente, se renuevan los pavimentos de las veredas deterioraras, actualiz\u00e1ndolas a la normativa vigente, consolidando un espacio seguro, accesible universalmente y memorable para el centro de Yungay.<\/p>\n","protected":false},"excerpt":{"rendered":"<p>Yungay, mayo 2022: Se invita a la comunidad para el jueves 26 de mayo a las 16:30 horas, donde se realizar\u00e1 una nueva jornada de participaci\u00f3n ciudadana en el sal\u00f3n auditorio de la biblioteca&#46;&#46;&#46;<\/p>\n","protected":false},"author":2,"featured_media":26183,"comment_status":"closed","ping_status":"open","sticky":false,"template":"","format":"standard","meta":{"footnotes":""},"categories":[1],"tags":[2599,1115,2110,8,6,117],"class_list":["post-26182","post","type-post","status-publish","format-standard","has-post-thumbnail","hentry","category-noticias","tag-calle-esmeralda","tag-noticias","tag-participacion-ciudadana","tag-yungay","tag-yungayino","tag-yungayinocl"],"_links":{"self":[{"href":"https:\/\/www.yungayino.cl\/noticias\/index.php?rest_route=\/wp\/v2\/posts\/26182","targetHints":{"allow":["GET"]}}],"collection":[{"href":"https:\/\/www.yungayino.cl\/noticias\/index.php?rest_route=\/wp\/v2\/posts"}],"about":[{"href":"https:\/\/www.yungayino.cl\/noticias\/index.php?rest_route=\/wp\/v2\/types\/post"}],"author":[{"embeddable":true,"href":"https:\/\/www.yungayino.cl\/noticias\/index.php?rest_route=\/wp\/v2\/users\/2"}],"replies":[{"embeddable":true,"href":"https:\/\/www.yungayino.cl\/noticias\/index.php?rest_route=%2Fwp%2Fv2%2Fcomments&post=26182"}],"version-history":[{"count":2,"href":"https:\/\/www.yungayino.cl\/noticias\/index.php?rest_route=\/wp\/v2\/posts\/26182\/revisions"}],"predecessor-version":[{"id":26186,"href":"https:\/\/www.yungayino.cl\/noticias\/index.php?rest_route=\/wp\/v2\/posts\/26182\/revisions\/26186"}],"wp:featuredmedia":[{"embeddable":true,"href":"https:\/\/www.yungayino.cl\/noticias\/index.php?rest_route=\/wp\/v2\/media\/26183"}],"wp:attachment":[{"href":"https:\/\/www.yungayino.cl\/noticias\/index.php?rest_route=%2Fwp%2Fv2%2Fmedia&parent=26182"}],"wp:term":[{"taxonomy":"category","embeddable":true,"href":"https:\/\/www.yungayino.cl\/noticias\/index.php?rest_route=%2Fwp%2Fv2%2Fcategories&post=26182"},{"taxonomy":"post_tag","embeddable":true,"href":"https:\/\/www.yungayino.cl\/noticias\/index.php?rest_route=%2Fwp%2Fv2%2Ftags&post=26182"}],"curies":[{"name":"wp","href":"https:\/\/api.w.org\/{rel}","templated":true}]}}