{"id":26191,"date":"2022-06-01T07:00:48","date_gmt":"2022-06-01T10:00:48","guid":{"rendered":"http:\/\/www.yungayino.cl\/noticias\/?p=26191"},"modified":"2022-05-26T20:10:20","modified_gmt":"2022-05-26T23:10:20","slug":"gobierno-regional-y-corporacion-cultural-municipal-de-chillan-firman-convenio-para-reactivar-la-oferta-artistica-en-nuble","status":"publish","type":"post","link":"https:\/\/www.yungayino.cl\/noticias\/?p=26191","title":{"rendered":"Gobierno Regional y Corporaci\u00f3n Cultural Municipal de Chill\u00e1n Firman Convenio Para Reactivar la Oferta Art\u00edstica en \u00d1uble"},"content":{"rendered":"<p><img loading=\"lazy\" decoding=\"async\" class=\"alignnone size-full wp-image-26193\" src=\"http:\/\/www.yungayino.cl\/noticias\/wp-content\/uploads\/2022\/05\/4-2.jpg\" alt=\"\" width=\"700\" height=\"407\" srcset=\"https:\/\/www.yungayino.cl\/noticias\/wp-content\/uploads\/2022\/05\/4-2.jpg 700w, https:\/\/www.yungayino.cl\/noticias\/wp-content\/uploads\/2022\/05\/4-2-300x174.jpg 300w, https:\/\/www.yungayino.cl\/noticias\/wp-content\/uploads\/2022\/05\/4-2-258x150.jpg 258w\" sizes=\"auto, (max-width: 700px) 100vw, 700px\" \/><\/p>\n<p style=\"text-align: justify;\">\u00d1uble, Junio 2022: A trav\u00e9s de una Subvenci\u00f3n de Inter\u00e9s Regional se destinar\u00e1n $150.000.000 para impulsar un nuevo espacio para la formaci\u00f3n y creaci\u00f3n art\u00edstica, promover una programaci\u00f3n art\u00edstica de calidad y gratuita desde el Teatro Municipal, y estimular la colaboraci\u00f3n entre los agentes culturales de la regi\u00f3n.<\/p>\n<p style=\"text-align: justify;\">Fortalecer la institucionalidad, la educaci\u00f3n art\u00edstica y la asociatividad cultural, desde proyectos e iniciativas que reactiven la oferta art\u00edstica en la Regi\u00f3n de \u00d1uble, es el objetivo del proyecto de la Corporaci\u00f3n Cultural Municipal de Chill\u00e1n que contar\u00e1 con recursos del Gobierno Regional, tras la firma del convenio entre el Gobernador Regional, \u00d3scar Cris\u00f3stomo y el Presidente de la entidad, alcalde Camilo Benavente. La iniciativa corresponde a una Subvenci\u00f3n de Inter\u00e9s Regional del Gobierno Regional, a trav\u00e9s de la cual se destina un total de $150.000.000.<\/p>\n<p style=\"text-align: justify;\">La actividad se realiz\u00f3 en el Hall Claudio Arrau del Teatro Municipal de Chill\u00e1n en presencia de concejales de la comuna, directores y socios fundadores de la Corporaci\u00f3n Cultural Municipal de Chill\u00e1n; representantes de espacios culturales municipales y artistas locales. La iniciativa \u201cCulturas Chill\u00e1n, fortalecimiento de la institucionalidad, la educaci\u00f3n art\u00edstica, y la asociatividad cultural en la Regi\u00f3n de \u00d1uble\u201d permitir\u00e1 desarrollar una serie de acciones vinculadas a la programaci\u00f3n art\u00edstica del Teatro Municipal de Chill\u00e1n, programas formativos en el Centro Cultural Municipal de Chill\u00e1n y un circuito cultural por diversas comunas, entre otros.<\/p>\n<p style=\"text-align: justify;\">El Gobernador Cris\u00f3stomo recalc\u00f3 que \u201choy estamos reafirmando el compromiso con la Corporaci\u00f3n Cultural en t\u00e9rminos de entregar $150 millones para generar un programa que nos permite ir fortaleciendo la cultura y el patrimonio. Creemos que es importante en varios \u00e1mbitos. Primero, porque fortalece las relaciones institucionales que ya desde hace un tiempo a la fecha hemos establecido con el alcalde Camilo Benavente, con el Concejo Municipal y con la ciudadan\u00eda; segundo, porque nos permite tener actividades tanto en el Teatro como tambi\u00e9n vamos a salir a comunas, porque aqu\u00ed lo que estamos pensando es poder entregar cultura y patrimonio a las 21 comunas de nuestra regi\u00f3n y agradecemos la disposici\u00f3n que ha tenido la Corporaci\u00f3n, porque nos permite tener un aliado para poder entregar cultura a la ciudadan\u00eda\u201d.<\/p>\n<p style=\"text-align: justify;\">Al respecto, el alcalde de Chill\u00e1n y Presidente de la Corporaci\u00f3n Cultural Municipal de Chill\u00e1n, Camilo Benavente, asegur\u00f3 que \u201c\u00d1uble es una regi\u00f3n en donde la gen\u00e9tica cultural siempre ha estado presente y el Teatro y nuestra infraestructura p\u00fablica tienen una responsabilidad. El Centro Cultural, el Teatro Municipal de Chill\u00e1n, adem\u00e1s de ser de Chill\u00e1n, tienen que ser de \u00d1uble y de ah\u00ed la l\u00f3gica con el Gobernador Regional de poder implementar este proyecto que involucra eso, expandir m\u00e1s all\u00e1 de las fronteras de Chill\u00e1n, la cultura a la Regi\u00f3n de \u00d1uble\u201d. Agreg\u00f3 que \u201ccon la disposici\u00f3n del Gobernador Regional \u00d3scar Cris\u00f3stomo hemos podido materializar este proyecto que va a tributar a la cultura formativa y de programaci\u00f3n de nuestra ciudad y de \u00d1uble\u201d.<\/p>\n<p style=\"text-align: justify;\">\u00bfEn qu\u00e9 consiste el proyecto?<\/p>\n<p style=\"text-align: justify;\">\u201cCulturas Chill\u00e1n, fortalecimiento de la institucionalidad, la educaci\u00f3n art\u00edstica, y la asociatividad cultural en la Regi\u00f3n de \u00d1uble\u201d contempla tres ejes. El primero de ellos es impulsar un nuevo espacio regional para la educaci\u00f3n, formaci\u00f3n y creaci\u00f3n art\u00edstica, el que contempla la apertura y puesta en marcha del nuevo Centro Cultural Municipal de Chill\u00e1n y considera programas formativos, acompa\u00f1amiento y asesor\u00edas para agentes culturales, entre otros.<\/p>\n<p style=\"text-align: justify;\">En segundo lugar, busca promover una programaci\u00f3n art\u00edstica y cultural de calidad y gratuita para la comunidad regional desde el Teatro Municipal, especialmente dedicada a las comunas y considerando el traslado ida y vuelta hacia el recinto. Finalmente, se centra en estimular la asociatividad y colaboraci\u00f3n entre los agentes culturales regionales para fortalecer la identidad de \u00d1uble, promoviendo y potenciando el trabajo de artistas locales, a trav\u00e9s de diferentes actividades como un circuito itinerante dentro de \u00d1uble y la incorporaci\u00f3n de la tecnolog\u00eda como herramienta de mediaci\u00f3n art\u00edstica, entre otros.<\/p>\n","protected":false},"excerpt":{"rendered":"<p>\u00d1uble, Junio 2022: A trav\u00e9s de una Subvenci\u00f3n de Inter\u00e9s Regional se destinar\u00e1n $150.000.000 para impulsar un nuevo espacio para la formaci\u00f3n y creaci\u00f3n art\u00edstica, promover una programaci\u00f3n art\u00edstica de calidad y gratuita desde&#46;&#46;&#46;<\/p>\n","protected":false},"author":2,"featured_media":26192,"comment_status":"closed","ping_status":"open","sticky":false,"template":"","format":"standard","meta":{"footnotes":""},"categories":[1],"tags":[1115,1678,8,6,117],"class_list":["post-26191","post","type-post","status-publish","format-standard","has-post-thumbnail","hentry","category-noticias","tag-noticias","tag-nuble","tag-yungay","tag-yungayino","tag-yungayinocl"],"_links":{"self":[{"href":"https:\/\/www.yungayino.cl\/noticias\/index.php?rest_route=\/wp\/v2\/posts\/26191","targetHints":{"allow":["GET"]}}],"collection":[{"href":"https:\/\/www.yungayino.cl\/noticias\/index.php?rest_route=\/wp\/v2\/posts"}],"about":[{"href":"https:\/\/www.yungayino.cl\/noticias\/index.php?rest_route=\/wp\/v2\/types\/post"}],"author":[{"embeddable":true,"href":"https:\/\/www.yungayino.cl\/noticias\/index.php?rest_route=\/wp\/v2\/users\/2"}],"replies":[{"embeddable":true,"href":"https:\/\/www.yungayino.cl\/noticias\/index.php?rest_route=%2Fwp%2Fv2%2Fcomments&post=26191"}],"version-history":[{"count":3,"href":"https:\/\/www.yungayino.cl\/noticias\/index.php?rest_route=\/wp\/v2\/posts\/26191\/revisions"}],"predecessor-version":[{"id":26208,"href":"https:\/\/www.yungayino.cl\/noticias\/index.php?rest_route=\/wp\/v2\/posts\/26191\/revisions\/26208"}],"wp:featuredmedia":[{"embeddable":true,"href":"https:\/\/www.yungayino.cl\/noticias\/index.php?rest_route=\/wp\/v2\/media\/26192"}],"wp:attachment":[{"href":"https:\/\/www.yungayino.cl\/noticias\/index.php?rest_route=%2Fwp%2Fv2%2Fmedia&parent=26191"}],"wp:term":[{"taxonomy":"category","embeddable":true,"href":"https:\/\/www.yungayino.cl\/noticias\/index.php?rest_route=%2Fwp%2Fv2%2Fcategories&post=26191"},{"taxonomy":"post_tag","embeddable":true,"href":"https:\/\/www.yungayino.cl\/noticias\/index.php?rest_route=%2Fwp%2Fv2%2Ftags&post=26191"}],"curies":[{"name":"wp","href":"https:\/\/api.w.org\/{rel}","templated":true}]}}