{"id":26235,"date":"2022-05-28T07:05:50","date_gmt":"2022-05-28T10:05:50","guid":{"rendered":"http:\/\/www.yungayino.cl\/noticias\/?p=26235"},"modified":"2022-05-26T20:26:55","modified_gmt":"2022-05-26T23:26:55","slug":"30-emprendedores-de-yungay-se-certifican-del-programa-yo-emprendo-semilla-fndr-2021","status":"publish","type":"post","link":"https:\/\/www.yungayino.cl\/noticias\/?p=26235","title":{"rendered":"30 Emprendedores de Yungay se Certifican del Programa Yo Emprendo Semilla &#8211; FNDR 2021"},"content":{"rendered":"<p><img loading=\"lazy\" decoding=\"async\" class=\"alignnone size-full wp-image-26236\" src=\"http:\/\/www.yungayino.cl\/noticias\/wp-content\/uploads\/2022\/05\/emprendedores.jpg\" alt=\"\" width=\"700\" height=\"371\" srcset=\"https:\/\/www.yungayino.cl\/noticias\/wp-content\/uploads\/2022\/05\/emprendedores.jpg 700w, https:\/\/www.yungayino.cl\/noticias\/wp-content\/uploads\/2022\/05\/emprendedores-300x159.jpg 300w, https:\/\/www.yungayino.cl\/noticias\/wp-content\/uploads\/2022\/05\/emprendedores-283x150.jpg 283w\" sizes=\"auto, (max-width: 700px) 100vw, 700px\" \/><\/p>\n<p style=\"text-align: justify;\">Yungay, mayo 2022: 30 emprendedores y emprendedoras de la comuna participaron en la ceremonia de t\u00e9rmino del programa ejecutado por la Gestora Empresas SPA, financiado por el Gobierno Regional de \u00d1uble, a trav\u00e9s del Fondo Nacional de Desarrollo Regional 2021 y FOSIS.<\/p>\n<p style=\"text-align: justify;\">El programa les entreg\u00f3 un apoyo integral que consisti\u00f3 en la capacitaci\u00f3n y elaboraci\u00f3n de un plan de negocios para su emprendimiento, asistencia t\u00e9cnica y seguimiento, adem\u00e1s de un financiamiento a trav\u00e9s de un fondo individual, asociativo o complementario para realizar su proyecto.<\/p>\n<p style=\"text-align: justify;\">Los usuarios pertenecen al programa Familias del Subsistema Seguridades y Oportunidades del FOSIS, y pose\u00edan una idea de negocio que les permiti\u00f3 postular al programa con la idea de mejorar su calidad de vida.<\/p>\n<p style=\"text-align: justify;\">En la ceremonia, Marta Bravo, diputada de la rep\u00fablica, felicit\u00f3 a los beneficiarios por tomar acci\u00f3n y por el gran compromiso que han demostrado por mejorar la calidad de vida de sus familias y el desarrollo de la comuna.<\/p>\n<p style=\"text-align: justify;\">Por su parte, el administrador municipal, Guillermo Saavedra, en representaci\u00f3n del alcalde felicit\u00f3 a las y los participantes, inst\u00e1ndoles a seguir adelante con sus emprendimientos \u00abtengan seguro que tienen las puertas del municipio abiertas para seguir trabajando por el progreso de la comuna y, especialmente, de las familias yungayinas\u00bb.<\/p>\n","protected":false},"excerpt":{"rendered":"<p>Yungay, mayo 2022: 30 emprendedores y emprendedoras de la comuna participaron en la ceremonia de t\u00e9rmino del programa ejecutado por la Gestora Empresas SPA, financiado por el Gobierno Regional de \u00d1uble, a trav\u00e9s del&#46;&#46;&#46;<\/p>\n","protected":false},"author":2,"featured_media":26236,"comment_status":"closed","ping_status":"open","sticky":false,"template":"","format":"standard","meta":{"footnotes":""},"categories":[1],"tags":[1115,2600,8,6,117],"class_list":["post-26235","post","type-post","status-publish","format-standard","has-post-thumbnail","hentry","category-noticias","tag-noticias","tag-programa-yo-emprendo","tag-yungay","tag-yungayino","tag-yungayinocl"],"_links":{"self":[{"href":"https:\/\/www.yungayino.cl\/noticias\/index.php?rest_route=\/wp\/v2\/posts\/26235","targetHints":{"allow":["GET"]}}],"collection":[{"href":"https:\/\/www.yungayino.cl\/noticias\/index.php?rest_route=\/wp\/v2\/posts"}],"about":[{"href":"https:\/\/www.yungayino.cl\/noticias\/index.php?rest_route=\/wp\/v2\/types\/post"}],"author":[{"embeddable":true,"href":"https:\/\/www.yungayino.cl\/noticias\/index.php?rest_route=\/wp\/v2\/users\/2"}],"replies":[{"embeddable":true,"href":"https:\/\/www.yungayino.cl\/noticias\/index.php?rest_route=%2Fwp%2Fv2%2Fcomments&post=26235"}],"version-history":[{"count":1,"href":"https:\/\/www.yungayino.cl\/noticias\/index.php?rest_route=\/wp\/v2\/posts\/26235\/revisions"}],"predecessor-version":[{"id":26237,"href":"https:\/\/www.yungayino.cl\/noticias\/index.php?rest_route=\/wp\/v2\/posts\/26235\/revisions\/26237"}],"wp:featuredmedia":[{"embeddable":true,"href":"https:\/\/www.yungayino.cl\/noticias\/index.php?rest_route=\/wp\/v2\/media\/26236"}],"wp:attachment":[{"href":"https:\/\/www.yungayino.cl\/noticias\/index.php?rest_route=%2Fwp%2Fv2%2Fmedia&parent=26235"}],"wp:term":[{"taxonomy":"category","embeddable":true,"href":"https:\/\/www.yungayino.cl\/noticias\/index.php?rest_route=%2Fwp%2Fv2%2Fcategories&post=26235"},{"taxonomy":"post_tag","embeddable":true,"href":"https:\/\/www.yungayino.cl\/noticias\/index.php?rest_route=%2Fwp%2Fv2%2Ftags&post=26235"}],"curies":[{"name":"wp","href":"https:\/\/api.w.org\/{rel}","templated":true}]}}