{"id":26246,"date":"2022-06-02T07:00:57","date_gmt":"2022-06-02T10:00:57","guid":{"rendered":"http:\/\/www.yungayino.cl\/noticias\/?p=26246"},"modified":"2022-05-31T18:51:39","modified_gmt":"2022-05-31T21:51:39","slug":"gobernador-crisostomo-aplica-tecnologia-en-su-primera-cuenta-publica-y-proyecta-la-region-hacia-un-centro-de-innovacion","status":"publish","type":"post","link":"https:\/\/www.yungayino.cl\/noticias\/?p=26246","title":{"rendered":"Gobernador Cris\u00f3stomo Aplica Tecnolog\u00eda en su Primera Cuenta P\u00fablica y Proyecta la Regi\u00f3n Hacia un Centro de Innovaci\u00f3n"},"content":{"rendered":"<p><img loading=\"lazy\" decoding=\"async\" class=\"alignnone size-full wp-image-26247\" src=\"http:\/\/www.yungayino.cl\/noticias\/wp-content\/uploads\/2022\/05\/cuenta.jpg\" alt=\"\" width=\"700\" height=\"350\" srcset=\"https:\/\/www.yungayino.cl\/noticias\/wp-content\/uploads\/2022\/05\/cuenta.jpg 700w, https:\/\/www.yungayino.cl\/noticias\/wp-content\/uploads\/2022\/05\/cuenta-300x150.jpg 300w\" sizes=\"auto, (max-width: 700px) 100vw, 700px\" \/><\/p>\n<p style=\"text-align: justify;\">\u00d1uble, junio 2022: Para realizar su Cuenta Participativa, el Gobernador Regional puso a disposici\u00f3n de los asistentes una aplicaci\u00f3n que permiti\u00f3 responder en vivo las consultas de la autoridad.<\/p>\n<p style=\"text-align: justify;\">En su presentaci\u00f3n destacaron avances en salud, conectividad y seguridad p\u00fablica, entre ellos los logros del Centro Telet\u00f3n para \u00d1uble, y la aprobaci\u00f3n de recursos para impartir la carrera de Medicina en la regi\u00f3n.<\/p>\n<p style=\"text-align: justify;\">En una sesi\u00f3n extraordinaria del Consejo Regional de \u00d1uble y acompa\u00f1ado de diferentes autoridades y representantes de la comunidad, el Gobernador Regional, \u00d3scar Cris\u00f3stomo, entreg\u00f3 su primera Cuenta P\u00fablica Participativa. En cerca de 45 minutos, la m\u00e1xima autoridad regional hizo un recorrido por los principales logros alcanzados en 2021 en temas como salud, manejo h\u00eddrico, conectividad, reactivaci\u00f3n econ\u00f3mica, desarrollo social, cultura y deportes, entre otros.<\/p>\n<p style=\"text-align: justify;\">La exposici\u00f3n de la m\u00e1xima autoridad regional se realiz\u00f3 en el Sal\u00f3n del Gran Hotel Isabel Riquelme y fue transmitida v\u00eda streaming por la cuenta de Facebook del Gobierno Regional de \u00d1uble.<\/p>\n<p style=\"text-align: justify;\">Al respecto, el Gobernador Cris\u00f3stomo agradeci\u00f3 a los asistentes y destac\u00f3 \u201cla cantidad de personas que asistieron, eso habla de la posibilidad de convocar a distintos actores y de las ansias que tienen muchas personas de poder concurrir y escuchar lo que se ha hecho. Esto fue abierto a distintos sectores para que pudieran participar, por lo tanto, estoy muy contento y agradecido de la convocatoria y participaci\u00f3n\u201d. Adem\u00e1s, valor\u00f3 la modalidad en la que se llev\u00f3 a cabo el proceso, \u201cnos sentamos y conversamos con las personas directamente de cara, utilizando la tecnolog\u00eda a trav\u00e9s de distintas aplicaciones que fuimos capaces de incorporar inmediatamente as\u00ed que cuando hablamos de desarrollo futuro y de tecnolog\u00eda tenemos que ir incorpor\u00e1ndolo nosotros\u201d.<\/p>\n<p style=\"text-align: justify;\">Durante la presentaci\u00f3n del Gobernador Cris\u00f3stomo y la sesi\u00f3n extraordinaria del Consejo Regional, los asistentes tuvieron la oportunidad de participar e interactuar, a trav\u00e9s de un c\u00f3digo QR en el que contestaron diferentes preguntas realizadas por el Gobierno Regional, con el fin de incluir diversas miradas en lo que ser\u00e1n las futuras pol\u00edticas p\u00fablicas impulsadas por el servicio.<\/p>\n<p style=\"text-align: justify;\">Sesi\u00f3n del Consejo Regional<\/p>\n<p style=\"text-align: justify;\">El Consejero Regional, Alberto Jarpa destac\u00f3 que la intervenci\u00f3n del Gobernador \u201ccon seis l\u00edneas de desarrollo, claramente se identifica aqu\u00ed que el tema del capital humano que resulta relevante para tener una regi\u00f3n distinta. Lo que debemos hacer es aunar esfuerzos, visualizando los grandes temas, el tema de la salud, por ejemplo, como centro neur\u00e1lgico en la regi\u00f3n. Tambi\u00e9n, por ejemplo, de la infraestructura p\u00fablica, otro tema que viene a dar relevancia e importancia de c\u00f3mo nosotros vemos una regi\u00f3n que da un salto. No podemos seguir caminando lento. Creo yo que hoy d\u00eda la convocatoria es justamente volver a retomar los temas de inter\u00e9s que son importantes y macros\u201d.<\/p>\n<p style=\"text-align: justify;\">Por su parte Consejero Regional, Eduardo Redlich, felicit\u00f3 \u201ca nuestro Gobernador por esta Cuenta P\u00fablica interactiva, yo creo que eso es innovaci\u00f3n tecnol\u00f3gica en lo que a lo mejor tambi\u00e9n est\u00e1 proyectando lo que es este Gobierno Regional y este Consejo Regional (\u2026) La verdad es que apunta para all\u00e1 nuestro crecimiento, nuestro desarrollo tecnol\u00f3gico, el tema del cable Humboldt, el tema de todo lo que es la tecnolog\u00eda que se est\u00e1 mostrando en esta regi\u00f3n, yo creo que para all\u00e1 va nuestro crecimiento, nuestros sue\u00f1os de tener un \u00d1uble mejor, m\u00e1s inclusivo, m\u00e1s justo\u201d.<\/p>\n<p style=\"text-align: justify;\">Felicitar a nuestro Gobernador por esta Cuenta P\u00fablica interactiva, yo creo que eso es innovaci\u00f3n tecnol\u00f3gica en lo que a lo mejor tambi\u00e9n est\u00e1 proyectando lo que es este Gobierno Regional y este Consejo Regional (\u2026) La verdad es que apunta para all\u00e1 nuestro crecimiento, nuestro desarrollo tecnol\u00f3gico, el tema del cable Humboldt, el tema de todo lo que es la tecnolog\u00eda que se est\u00e1 mostrando en esta regi\u00f3n, yo creo que para all\u00e1 va nuestro crecimiento, nuestros sue\u00f1os de tener un \u00d1uble mejor, m\u00e1s inclusivo, m\u00e1s justo<\/p>\n<p style=\"text-align: justify;\">Asimismo, el alcalde de Portezuelo, Ren\u00e9 Schuffeneger, recalc\u00f3 que \u201chay situaciones que me llaman bastante la atenci\u00f3n y que encuentro que est\u00e1n muy bien orientadas, muy bien encaminadas. Hay grandes proyectos que el Gobierno Regional se ha hecho cargo, no tengo para qu\u00e9 detallarlos, pero hay uno o dos proyectos que son muy sentidos por la comunidad y en general por la regi\u00f3n, as\u00ed es que me parece muy completa y muy did\u00e1ctica la forma de hacerlo del Gobernador\u201d.<\/p>\n<p style=\"text-align: justify;\">Participaci\u00f3n Ciudadana<\/p>\n<p style=\"text-align: justify;\">Una de las asistentes esta tarde, la Presidenta de la Junta de Vecinos de la Poblaci\u00f3n El Roble, Patricia Reyes, calific\u00f3 como excelente la cuenta p\u00fablica 2021 y agreg\u00f3 que \u201cse ha notado el trabajo del Gobernador en la regi\u00f3n, se han notado los avances, as\u00ed que yo estoy feliz con su cuenta p\u00fablica y espero que sigamos avanzando, esa es la idea\u201d.<\/p>\n<p style=\"text-align: justify;\">En la misma l\u00ednea, Irma Flores, Presidenta de la Junta de Vecinos R20 Lautaro se\u00f1al\u00f3 que \u201cha quedado todo s\u00faper claro, hay bastante conformidad con respecto a los objetivos que se han propuesto; pero bueno a\u00fan falta mucho por recorrer, pero estamos conscientes de que de a poco se van logrando las cosas\u201d.<\/p>\n","protected":false},"excerpt":{"rendered":"<p>\u00d1uble, junio 2022: Para realizar su Cuenta Participativa, el Gobernador Regional puso a disposici\u00f3n de los asistentes una aplicaci\u00f3n que permiti\u00f3 responder en vivo las consultas de la autoridad. En su presentaci\u00f3n destacaron avances&#46;&#46;&#46;<\/p>\n","protected":false},"author":2,"featured_media":26247,"comment_status":"closed","ping_status":"open","sticky":false,"template":"","format":"standard","meta":{"footnotes":""},"categories":[1],"tags":[2601,1115,1678,8,6,117],"class_list":["post-26246","post","type-post","status-publish","format-standard","has-post-thumbnail","hentry","category-noticias","tag-gobernador","tag-noticias","tag-nuble","tag-yungay","tag-yungayino","tag-yungayinocl"],"_links":{"self":[{"href":"https:\/\/www.yungayino.cl\/noticias\/index.php?rest_route=\/wp\/v2\/posts\/26246","targetHints":{"allow":["GET"]}}],"collection":[{"href":"https:\/\/www.yungayino.cl\/noticias\/index.php?rest_route=\/wp\/v2\/posts"}],"about":[{"href":"https:\/\/www.yungayino.cl\/noticias\/index.php?rest_route=\/wp\/v2\/types\/post"}],"author":[{"embeddable":true,"href":"https:\/\/www.yungayino.cl\/noticias\/index.php?rest_route=\/wp\/v2\/users\/2"}],"replies":[{"embeddable":true,"href":"https:\/\/www.yungayino.cl\/noticias\/index.php?rest_route=%2Fwp%2Fv2%2Fcomments&post=26246"}],"version-history":[{"count":2,"href":"https:\/\/www.yungayino.cl\/noticias\/index.php?rest_route=\/wp\/v2\/posts\/26246\/revisions"}],"predecessor-version":[{"id":26249,"href":"https:\/\/www.yungayino.cl\/noticias\/index.php?rest_route=\/wp\/v2\/posts\/26246\/revisions\/26249"}],"wp:featuredmedia":[{"embeddable":true,"href":"https:\/\/www.yungayino.cl\/noticias\/index.php?rest_route=\/wp\/v2\/media\/26247"}],"wp:attachment":[{"href":"https:\/\/www.yungayino.cl\/noticias\/index.php?rest_route=%2Fwp%2Fv2%2Fmedia&parent=26246"}],"wp:term":[{"taxonomy":"category","embeddable":true,"href":"https:\/\/www.yungayino.cl\/noticias\/index.php?rest_route=%2Fwp%2Fv2%2Fcategories&post=26246"},{"taxonomy":"post_tag","embeddable":true,"href":"https:\/\/www.yungayino.cl\/noticias\/index.php?rest_route=%2Fwp%2Fv2%2Ftags&post=26246"}],"curies":[{"name":"wp","href":"https:\/\/api.w.org\/{rel}","templated":true}]}}