{"id":26269,"date":"2022-06-07T07:00:26","date_gmt":"2022-06-07T10:00:26","guid":{"rendered":"http:\/\/www.yungayino.cl\/noticias\/?p=26269"},"modified":"2022-06-05T15:40:19","modified_gmt":"2022-06-05T18:40:19","slug":"gobierno-regional-proyecta-a-nuble-como-una-region-pedaleable","status":"publish","type":"post","link":"https:\/\/www.yungayino.cl\/noticias\/?p=26269","title":{"rendered":"Gobierno Regional Proyecta a \u00d1uble Como Una Regi\u00f3n Pedaleable"},"content":{"rendered":"<p><img loading=\"lazy\" decoding=\"async\" class=\"alignnone size-full wp-image-26270\" src=\"http:\/\/www.yungayino.cl\/noticias\/wp-content\/uploads\/2022\/06\/pedaleable.jpg\" alt=\"\" width=\"700\" height=\"350\" srcset=\"https:\/\/www.yungayino.cl\/noticias\/wp-content\/uploads\/2022\/06\/pedaleable.jpg 700w, https:\/\/www.yungayino.cl\/noticias\/wp-content\/uploads\/2022\/06\/pedaleable-300x150.jpg 300w\" sizes=\"auto, (max-width: 700px) 100vw, 700px\" \/><\/p>\n<p style=\"text-align: justify;\">\u00d1uble, junio 2022: En el marco del D\u00eda Mundial de la Bicicleta, el Gobernador Cris\u00f3stomo conoci\u00f3 la propuesta <strong>\u201c\u00d1uble Paradise\u201d<\/strong> que busca transformar a la regi\u00f3n en la capital de este medio de transporte, el que destaca por su impacto positivo en el medioambiente, su pr\u00e1ctica deportiva y su aporte a la vida sana.<\/p>\n<p style=\"text-align: justify;\">Una alternativa para promover el uso de la bicicleta en \u00d1uble conoci\u00f3 el Gobernador Regional \u00d3scar Cris\u00f3stomo, en el marco del D\u00eda Mundial de la Bicicleta. Se trata de <strong>\u201c\u00d1uble Paradise\u201d<\/strong>, un proyecto que busca transformar a la Regi\u00f3n de \u00d1uble en la capital de la bicicleta e inculcar en las nuevas generaciones los atributos de este veh\u00edculo, el que destaca no solo por su pr\u00e1ctica deportiva, sino tambi\u00e9n por su impacto positivo en el medioambiente y su aporte a la vida sana.<\/p>\n<p style=\"text-align: justify;\">La propuesta fue presentada al Gobernador Cris\u00f3stomo y a la Jefa de la Divisi\u00f3n de Desarrollo Social y Humano, Tamara Valenzuela, por el productor ejecutivo de Paradise Latam, Pablo Horta, y el director de Comunicaciones, Nicol\u00e1s Hidalgo. En detalle, \u201c\u00d1uble Paradise\u201d plantea intervenir diferentes comunas de la regi\u00f3n con actividades motivacionales en establecimientos de educaci\u00f3n municipal y subvencionada; y con un espect\u00e1culo urbano para la comunidad, con el fin de establecer que la bicicleta es un estilo de vida. Una vez finalizado este recorrido, se realizar\u00eda un evento principal que, adem\u00e1s de reunir a las especialidades del MountainBike y una competencia multi disciplina, tendr\u00eda presentaciones art\u00edsticas y espacio para emprendedores.<\/p>\n<p style=\"text-align: justify;\">Al respecto, el Gobernador Cris\u00f3stomo explic\u00f3 que \u201cestamos contentos trabajando mancomunadamente con muchas instituciones, porque queremos que \u00d1uble pueda avanzar y particularmente en que sea un \u00d1uble pedaleable. Hemos generado distintas estrategias para eso: tenemos una mesa de movilidad urbana que nos va a permitir generar infraestructura en diversas comunas de nuestra regi\u00f3n, pero junto con eso tenemos que generar la cultura, incentivar y motivar. Por eso estamos trabajando incansablemente para poder proyectar a nuestra regi\u00f3n como el centro y el epicentro del sur de nuestro mundo en ser una regi\u00f3n pedaleable\u201d.<\/p>\n<p style=\"text-align: justify;\">En este sentido, la m\u00e1xima autoridad regional mencion\u00f3 que \u201cno hay nada mejor que la bicicleta en t\u00e9rminos de los impactos medioambientales, en t\u00e9rminos de la condici\u00f3n f\u00edsica, pero tambi\u00e9n psicol\u00f3gica. Creo que la bicicleta es el mejor medio de transporte que hoy podemos ir fomentando\u201d.<\/p>\n<p style=\"text-align: justify;\">Respecto a \u201c\u00d1uble Paradise\u201d, Pablo Horta detall\u00f3 sobre la propuesta que \u201cla idea es incentivar a los m\u00e1s j\u00f3venes, entregarles esta herramienta que es la bicicleta como futuro, como estilo de vida y formarlos para que ellos sean los responsables de que \u00d1uble haga un cambio hacia estos veh\u00edculos que son el futuro, que son medio ambiente y que son una herramienta para los j\u00f3venes\u201d. Agreg\u00f3 que \u201choy est\u00e1n las voluntades de parte del Gobernador y de diferentes l\u00edderes locales de la regi\u00f3n para que en conjunto logremos levantar a \u00d1uble, dar a conocer sus atributos geogr\u00e1ficos y logremos levantar tambi\u00e9n a las comunidades, a trav\u00e9s del deporte y de la bicicleta\u201d.<\/p>\n<p style=\"text-align: justify;\">Finalmente, Carlos Huerta, quien lidera el proyecto Las 2 Antonias Bikepark en Ninhue, asegur\u00f3 que \u201cla Regi\u00f3n de \u00d1uble cuenta con condiciones ideales para desarrollar el turismo deportivo y el ciclismo como un eje de desarrollo, no solamente pensando en la actividad deportiva, sino que tambi\u00e9n en el desarrollo econ\u00f3mico de la regi\u00f3n y como una propuesta que nos podr\u00eda proyectar como destino tur\u00edstico deportivo\u201d. Asimismo, recalc\u00f3 que \u201c\u00d1uble tiene las mejores condiciones con cordillera, con campo, con mar y con estos cerros maravillosos que nos dan vida\u201d.<\/p>\n<p style=\"text-align: justify;\">\n","protected":false},"excerpt":{"rendered":"<p>\u00d1uble, junio 2022: En el marco del D\u00eda Mundial de la Bicicleta, el Gobernador Cris\u00f3stomo conoci\u00f3 la propuesta \u201c\u00d1uble Paradise\u201d que busca transformar a la regi\u00f3n en la capital de este medio de transporte,&#46;&#46;&#46;<\/p>\n","protected":false},"author":2,"featured_media":26270,"comment_status":"closed","ping_status":"open","sticky":false,"template":"","format":"standard","meta":{"footnotes":""},"categories":[17,1],"tags":[1120,1115,1678,2603,2602,8,6,117],"class_list":["post-26269","post","type-post","status-publish","format-standard","has-post-thumbnail","hentry","category-deporte","category-noticias","tag-deporte","tag-noticias","tag-nuble","tag-nuble-paradise","tag-pedaleable","tag-yungay","tag-yungayino","tag-yungayinocl"],"_links":{"self":[{"href":"https:\/\/www.yungayino.cl\/noticias\/index.php?rest_route=\/wp\/v2\/posts\/26269","targetHints":{"allow":["GET"]}}],"collection":[{"href":"https:\/\/www.yungayino.cl\/noticias\/index.php?rest_route=\/wp\/v2\/posts"}],"about":[{"href":"https:\/\/www.yungayino.cl\/noticias\/index.php?rest_route=\/wp\/v2\/types\/post"}],"author":[{"embeddable":true,"href":"https:\/\/www.yungayino.cl\/noticias\/index.php?rest_route=\/wp\/v2\/users\/2"}],"replies":[{"embeddable":true,"href":"https:\/\/www.yungayino.cl\/noticias\/index.php?rest_route=%2Fwp%2Fv2%2Fcomments&post=26269"}],"version-history":[{"count":1,"href":"https:\/\/www.yungayino.cl\/noticias\/index.php?rest_route=\/wp\/v2\/posts\/26269\/revisions"}],"predecessor-version":[{"id":26271,"href":"https:\/\/www.yungayino.cl\/noticias\/index.php?rest_route=\/wp\/v2\/posts\/26269\/revisions\/26271"}],"wp:featuredmedia":[{"embeddable":true,"href":"https:\/\/www.yungayino.cl\/noticias\/index.php?rest_route=\/wp\/v2\/media\/26270"}],"wp:attachment":[{"href":"https:\/\/www.yungayino.cl\/noticias\/index.php?rest_route=%2Fwp%2Fv2%2Fmedia&parent=26269"}],"wp:term":[{"taxonomy":"category","embeddable":true,"href":"https:\/\/www.yungayino.cl\/noticias\/index.php?rest_route=%2Fwp%2Fv2%2Fcategories&post=26269"},{"taxonomy":"post_tag","embeddable":true,"href":"https:\/\/www.yungayino.cl\/noticias\/index.php?rest_route=%2Fwp%2Fv2%2Ftags&post=26269"}],"curies":[{"name":"wp","href":"https:\/\/api.w.org\/{rel}","templated":true}]}}