{"id":26277,"date":"2022-06-09T07:00:49","date_gmt":"2022-06-09T10:00:49","guid":{"rendered":"http:\/\/www.yungayino.cl\/noticias\/?p=26277"},"modified":"2022-06-08T19:34:21","modified_gmt":"2022-06-08T22:34:21","slug":"nuevos-medicos-y-odontologos-edf-se-incorporan-a-red-asistencial-de-nuble","status":"publish","type":"post","link":"https:\/\/www.yungayino.cl\/noticias\/?p=26277","title":{"rendered":"Nuevos M\u00e9dicos y Odont\u00f3logos EDF se Incorporan a Red Asistencial de \u00d1uble"},"content":{"rendered":"<p><img loading=\"lazy\" decoding=\"async\" class=\"alignnone size-full wp-image-26278\" src=\"http:\/\/www.yungayino.cl\/noticias\/wp-content\/uploads\/2022\/06\/ssn.jpg\" alt=\"\" width=\"700\" height=\"321\" srcset=\"https:\/\/www.yungayino.cl\/noticias\/wp-content\/uploads\/2022\/06\/ssn.jpg 700w, https:\/\/www.yungayino.cl\/noticias\/wp-content\/uploads\/2022\/06\/ssn-300x138.jpg 300w, https:\/\/www.yungayino.cl\/noticias\/wp-content\/uploads\/2022\/06\/ssn-327x150.jpg 327w\" sizes=\"auto, (max-width: 700px) 100vw, 700px\" \/><\/p>\n<p style=\"text-align: justify;\">\u00d1uble, junio 2022: Los profesionales ingresaron este lunes a la Etapa de Destinaci\u00f3n y Formaci\u00f3n y desempe\u00f1ar\u00e1n funciones en 16 comunas de la regi\u00f3n, prestando servicios en hospitales y centros de salud familiar.<\/p>\n<p style=\"text-align: justify;\">Un total de 40 profesionales, divididos en 37 M\u00e9dicos y 3 Odont\u00f3logos, se incorporaron este lunes 6 de junio al Servicio de Salud \u00d1uble (SS\u00d1), para desempe\u00f1arse en los distintos establecimientos de salud del territorio, labores que son parte de la Etapa de Destinaci\u00f3n y formaci\u00f3n (EDF) a la que postularon, y tras la cual pueden acceder a becas de formaci\u00f3n de especialidades.<\/p>\n<p style=\"text-align: justify;\">Los nuevos m\u00e9dicos trabajar\u00e1n en Hospitales y CESFAM de las comunas de Bulnes, Chill\u00e1n, Chill\u00e1n Viejo, Coelemu, Ninhue, Pinto, Portezuelo, Quill\u00f3n, Quirihue, R\u00e1nquil, San Ignacio, San Nicol\u00e1s, Trehuaco y <strong>Yungay<\/strong>, mientras que los Odont\u00f3logos en Quill\u00f3n y El Carmen lo que va en directo beneficio de las y los usuarios.<\/p>\n<p style=\"text-align: justify;\">\u201cHan sido meses de expectaci\u00f3n, reuniones y gestiones para que llegara este momento y dar la bienvenida a estos nuevos profesionales. La comunidad ha manifestado la necesidad de la presencia de ustedes y hoy por fin se est\u00e1 haciendo realidad, tras pasar por momentos de dificultad, que finalmente se solucion\u00f3, y contamos con toda la capacidad que requer\u00edamos. \u00d1uble es una regi\u00f3n compleja, con alta ruralidad y largas distancias, variables que muchas vecen no permiten llegar con todas las prestaciones de salud, por lo que los profesionales en Etapa de Destinaci\u00f3n y Formaci\u00f3n son fundamentales, cumpliendo una gran labor, disminuyendo las inequidades en atenci\u00f3n de salud\u201d, destac\u00f3 la Directora (s) del Servicio de Salud \u00d1uble, Elizabeth Abarca Trivi\u00f1o.<\/p>\n<p style=\"text-align: justify;\">La directiva resalt\u00f3 que \u201cadem\u00e1s siempre hemos tenido de los profesionales EDF una muy buena colaboraci\u00f3n, por lo que les agradecemos por incorporarse a nuestra Red, lo que sin duda les dar\u00e1 una experiencia con mucho valor, y con un gran aprendizaje\u201d<\/p>\n<p style=\"text-align: justify;\">Junto a la bienvenida, el SS\u00d1 realiz\u00f3 una jornada de inducci\u00f3n, en la cual los profesionales que se incorporan, en la que pudieron conocer aspectos relacionados con el funcionamiento de la Red Asietencial de \u00d1uble, y que se extender\u00e1 hasta el mi\u00e9rcoles 8 de junio.<\/p>\n<p style=\"text-align: justify;\">Crecimiento Profesional junto a la Comunidad<\/p>\n<p style=\"text-align: justify;\">Javiera Garrido Carrasco, es M\u00e9dica y llegar\u00e1 a integrar el equipo del CESFAM San Ignacio. Para ella sus expectativas son crecer como profesional, destacando que \u201cprincipalmente espero poder retribuir a la comunidad con mi trabajo,\u00a0 convertirme en un aporte dentro del SS\u00d1, y en alguien en quien confien el resto de los funcionarios, as\u00ed como tambi\u00e9n los pacientes. A la vez, espero poder lograr un mayor autoconocimiento de mi misma y mis capacidades, para poder elegir con total claridad a que especialidad optar en la etapa de formaci\u00f3n\u201d.<\/p>\n<p style=\"text-align: justify;\">Las y los profesionales que hoy se integran a la Red realizar\u00e1n diversas labores, como control de personas con enfermedades cr\u00f3nicas, extensi\u00f3n horaria, visitas domiciliarias, entre otras, y permanecer\u00e1n a lo menos durante 3 a\u00f1os en el establecimiento de salud, para posteriormente postular a una beca de especialidades m\u00e9dicas.<\/p>\n","protected":false},"excerpt":{"rendered":"<p>\u00d1uble, junio 2022: Los profesionales ingresaron este lunes a la Etapa de Destinaci\u00f3n y Formaci\u00f3n y desempe\u00f1ar\u00e1n funciones en 16 comunas de la regi\u00f3n, prestando servicios en hospitales y centros de salud familiar. Un&#46;&#46;&#46;<\/p>\n","protected":false},"author":2,"featured_media":26278,"comment_status":"closed","ping_status":"open","sticky":false,"template":"","format":"standard","meta":{"footnotes":""},"categories":[1,1676],"tags":[1115,1678,65,8,6,117],"class_list":["post-26277","post","type-post","status-publish","format-standard","has-post-thumbnail","hentry","category-noticias","category-salud","tag-noticias","tag-nuble","tag-salud","tag-yungay","tag-yungayino","tag-yungayinocl"],"_links":{"self":[{"href":"https:\/\/www.yungayino.cl\/noticias\/index.php?rest_route=\/wp\/v2\/posts\/26277","targetHints":{"allow":["GET"]}}],"collection":[{"href":"https:\/\/www.yungayino.cl\/noticias\/index.php?rest_route=\/wp\/v2\/posts"}],"about":[{"href":"https:\/\/www.yungayino.cl\/noticias\/index.php?rest_route=\/wp\/v2\/types\/post"}],"author":[{"embeddable":true,"href":"https:\/\/www.yungayino.cl\/noticias\/index.php?rest_route=\/wp\/v2\/users\/2"}],"replies":[{"embeddable":true,"href":"https:\/\/www.yungayino.cl\/noticias\/index.php?rest_route=%2Fwp%2Fv2%2Fcomments&post=26277"}],"version-history":[{"count":2,"href":"https:\/\/www.yungayino.cl\/noticias\/index.php?rest_route=\/wp\/v2\/posts\/26277\/revisions"}],"predecessor-version":[{"id":26280,"href":"https:\/\/www.yungayino.cl\/noticias\/index.php?rest_route=\/wp\/v2\/posts\/26277\/revisions\/26280"}],"wp:featuredmedia":[{"embeddable":true,"href":"https:\/\/www.yungayino.cl\/noticias\/index.php?rest_route=\/wp\/v2\/media\/26278"}],"wp:attachment":[{"href":"https:\/\/www.yungayino.cl\/noticias\/index.php?rest_route=%2Fwp%2Fv2%2Fmedia&parent=26277"}],"wp:term":[{"taxonomy":"category","embeddable":true,"href":"https:\/\/www.yungayino.cl\/noticias\/index.php?rest_route=%2Fwp%2Fv2%2Fcategories&post=26277"},{"taxonomy":"post_tag","embeddable":true,"href":"https:\/\/www.yungayino.cl\/noticias\/index.php?rest_route=%2Fwp%2Fv2%2Ftags&post=26277"}],"curies":[{"name":"wp","href":"https:\/\/api.w.org\/{rel}","templated":true}]}}