{"id":26294,"date":"2022-06-09T08:00:16","date_gmt":"2022-06-09T11:00:16","guid":{"rendered":"http:\/\/www.yungayino.cl\/noticias\/?p=26294"},"modified":"2022-06-08T22:57:29","modified_gmt":"2022-06-09T01:57:29","slug":"municipalidad-de-yungay-participo-de-la-conferencia-internacional-de-reservas-de-la-biosfera-en-alemania","status":"publish","type":"post","link":"https:\/\/www.yungayino.cl\/noticias\/?p=26294","title":{"rendered":"Municipalidad de Yungay Particip\u00f3 de la Conferencia Internacional de Reservas de la Bi\u00f3sfera en Alemania"},"content":{"rendered":"<p><img loading=\"lazy\" decoding=\"async\" class=\"alignnone size-full wp-image-26295\" src=\"http:\/\/www.yungayino.cl\/noticias\/wp-content\/uploads\/2022\/06\/en-alemania.jpg\" alt=\"\" width=\"700\" height=\"350\" srcset=\"https:\/\/www.yungayino.cl\/noticias\/wp-content\/uploads\/2022\/06\/en-alemania.jpg 700w, https:\/\/www.yungayino.cl\/noticias\/wp-content\/uploads\/2022\/06\/en-alemania-300x150.jpg 300w\" sizes=\"auto, (max-width: 700px) 100vw, 700px\" \/><\/p>\n<p style=\"text-align: justify;\">Junio 2022: Durante mayo municipalidad fue part\u00edcipe de la delegaci\u00f3n chilena que se destac\u00f3 en Alemania en el encuentro mundial de Reservas de la Bi\u00f3sfera, donde 93 investigadores y gestores ambientales presentaron avances y discutieron acerca de las perspectivas de desarrollo de las Reservas de la Bi\u00f3sfera (RB) a nivel global.<\/p>\n<p style=\"text-align: justify;\">Chile particip\u00f3 con una delegaci\u00f3n de 6 representantes del mundo acad\u00e9mico y de la gesti\u00f3n local: el jefe de la delegaci\u00f3n chilena y miembro del Comit\u00e9 Organizador de la conferencia fue Dr. Andr\u00e9s Moreira Mu\u00f1oz, acad\u00e9mico del Instituto de Geograf\u00eda de la Universidad Cat\u00f3lica de Valpara\u00edso; Marcelo Leguia (Universidad de Playa Ancha), Sandro Maldonado (CONAF), Pablo Manr\u00edquez (alcalde de Juan Fern\u00e1ndez), Valeria Melipill\u00e1n (alcaldesa de Quilpu\u00e9) y Claudia I. Harcha (I. Municipalidad de Yungay).<\/p>\n<p style=\"text-align: justify;\">Municipio destac\u00f3 c\u00f3mo la visi\u00f3n institucional de Desarrollo Econ\u00f3mico Local y Sustentabilidad, ha generado mejoras en el desarrollo sostenible del territorio perteneciente a nuestra Reserva de la Bi\u00f3sfera, a trav\u00e9s de pr\u00e1cticas como: la asesor\u00eda a peque\u00f1os propietarios forestales para el manejo sostenible del bosque nativo, el fomento de buenas pr\u00e1cticas para peque\u00f1os propietarios agr\u00edcolas, la formaci\u00f3n de capital humano para gesti\u00f3n de rutas de turismo y el apoyo a emprendimientos locales sustentables.<\/p>\n<p style=\"text-align: justify;\">\u00abComo yungayinos nos sentimos honrados de ser invitados y poder asistir a la conferencia creemos que fortalece la apuesta de desarrollo para la comuna, a partir de un modelo basado en sostenibilidad, para salvaguardar el medioambiente para las actuales y futuras generaciones\u00bb coment\u00f3 alcalde, Rafael Cifuentes Rodr\u00edguez.<\/p>\n<p style=\"text-align: justify;\">La \u201cInternational Conference Science and Research in, for and with UNESCO Biosphere Reserves\u201d organizada por la Universidad de Eberswalde se realiz\u00f3 entre el 16 y 20 de mayo en Berl\u00edn.<\/p>\n","protected":false},"excerpt":{"rendered":"<p>Junio 2022: Durante mayo municipalidad fue part\u00edcipe de la delegaci\u00f3n chilena que se destac\u00f3 en Alemania en el encuentro mundial de Reservas de la Bi\u00f3sfera, donde 93 investigadores y gestores ambientales presentaron avances y&#46;&#46;&#46;<\/p>\n","protected":false},"author":2,"featured_media":26295,"comment_status":"closed","ping_status":"open","sticky":false,"template":"","format":"standard","meta":{"footnotes":""},"categories":[1],"tags":[1115,8,6,117],"class_list":["post-26294","post","type-post","status-publish","format-standard","has-post-thumbnail","hentry","category-noticias","tag-noticias","tag-yungay","tag-yungayino","tag-yungayinocl"],"_links":{"self":[{"href":"https:\/\/www.yungayino.cl\/noticias\/index.php?rest_route=\/wp\/v2\/posts\/26294","targetHints":{"allow":["GET"]}}],"collection":[{"href":"https:\/\/www.yungayino.cl\/noticias\/index.php?rest_route=\/wp\/v2\/posts"}],"about":[{"href":"https:\/\/www.yungayino.cl\/noticias\/index.php?rest_route=\/wp\/v2\/types\/post"}],"author":[{"embeddable":true,"href":"https:\/\/www.yungayino.cl\/noticias\/index.php?rest_route=\/wp\/v2\/users\/2"}],"replies":[{"embeddable":true,"href":"https:\/\/www.yungayino.cl\/noticias\/index.php?rest_route=%2Fwp%2Fv2%2Fcomments&post=26294"}],"version-history":[{"count":1,"href":"https:\/\/www.yungayino.cl\/noticias\/index.php?rest_route=\/wp\/v2\/posts\/26294\/revisions"}],"predecessor-version":[{"id":26296,"href":"https:\/\/www.yungayino.cl\/noticias\/index.php?rest_route=\/wp\/v2\/posts\/26294\/revisions\/26296"}],"wp:featuredmedia":[{"embeddable":true,"href":"https:\/\/www.yungayino.cl\/noticias\/index.php?rest_route=\/wp\/v2\/media\/26295"}],"wp:attachment":[{"href":"https:\/\/www.yungayino.cl\/noticias\/index.php?rest_route=%2Fwp%2Fv2%2Fmedia&parent=26294"}],"wp:term":[{"taxonomy":"category","embeddable":true,"href":"https:\/\/www.yungayino.cl\/noticias\/index.php?rest_route=%2Fwp%2Fv2%2Fcategories&post=26294"},{"taxonomy":"post_tag","embeddable":true,"href":"https:\/\/www.yungayino.cl\/noticias\/index.php?rest_route=%2Fwp%2Fv2%2Ftags&post=26294"}],"curies":[{"name":"wp","href":"https:\/\/api.w.org\/{rel}","templated":true}]}}