{"id":26297,"date":"2022-06-10T08:00:39","date_gmt":"2022-06-10T11:00:39","guid":{"rendered":"http:\/\/www.yungayino.cl\/noticias\/?p=26297"},"modified":"2022-06-09T17:10:08","modified_gmt":"2022-06-09T20:10:08","slug":"construccion-del-nuevo-liceo-de-yungay-sera-financiada-con-recursos-del-gobierno-regional-de-nuble","status":"publish","type":"post","link":"https:\/\/www.yungayino.cl\/noticias\/?p=26297","title":{"rendered":"Construcci\u00f3n del Nuevo Liceo de Yungay Ser\u00e1 Financiada con Recursos del Gobierno Regional de \u00d1uble"},"content":{"rendered":"<p><img loading=\"lazy\" decoding=\"async\" class=\"alignnone size-full wp-image-26298\" src=\"http:\/\/www.yungayino.cl\/noticias\/wp-content\/uploads\/2022\/06\/liceo-yungay.jpg\" alt=\"\" width=\"700\" height=\"351\" srcset=\"https:\/\/www.yungayino.cl\/noticias\/wp-content\/uploads\/2022\/06\/liceo-yungay.jpg 700w, https:\/\/www.yungayino.cl\/noticias\/wp-content\/uploads\/2022\/06\/liceo-yungay-300x150.jpg 300w, https:\/\/www.yungayino.cl\/noticias\/wp-content\/uploads\/2022\/06\/liceo-yungay-299x150.jpg 299w\" sizes=\"auto, (max-width: 700px) 100vw, 700px\" \/><\/p>\n<p style=\"text-align: justify;\">Junio 2022: En una provechosa reuni\u00f3n de trabajo, que consider\u00f3 la revisi\u00f3n de la cartera integral de proyectos de nuestra comuna, el Gobernador Regional de \u00d1uble, \u00d3scar Cris\u00f3stomo Llanos, considerando la solicitud del alcalde de nuestra comuna, inform\u00f3 que ingresar\u00e1 a discusi\u00f3n del Consejo Regional para que la construcci\u00f3n del nuevo Liceo de Yungay sea financiada con recursos del presupuesto de la regi\u00f3n.<\/p>\n<p style=\"text-align: justify;\">\u201cEn base a la solicitud que nos ha hecho el alcalde de Yungay, hemos decidido ingresar al Consejo Regional para su evaluaci\u00f3n y financiamiento, el proyecto de reposici\u00f3n del Liceo de Yungay. Estamos confiados que este proceso va a tener un buen puerto, porque as\u00ed lo mereces las y los estudiantes de Yungay\u201d manifest\u00f3 el Gobernador Cris\u00f3stomo, destacando que, \u201chemos esperado por tanto tiempo para cumplir con este proyecto, pero la regi\u00f3n tiene que tomar una decisi\u00f3n y esta es: avanzar, aprobar, apoyar y ejecutar\u201d<\/p>\n<p style=\"text-align: justify;\">Por su parte, el alcalde de Yungay, Rafael Cifuentes Rodr\u00edguez, agradeci\u00f3 el compromiso del Gobernador de \u00d1uble y destac\u00f3 que \u201chace un tiempo era impensado que el Gobierno Regional financiara el 100% del proyecto; debido a su elevado costo de construcci\u00f3n, pero hoy, con esta emocionante noticia, estamos reafirmando que cuando hay voluntad y compromiso, \u00a1todo se puede!\u201d adem\u00e1s, la primera autoridad municipal de Yungay, subray\u00f3 que \u201chemos hablado con varios Consejeros\/as Regionales para que aprueben este proyecto, as\u00ed que estamos confiados en que pronto tendremos los recursos para iniciar la construcci\u00f3n de nuestro querido Liceo de Yungay\u201d<\/p>\n<p style=\"text-align: justify;\">El dise\u00f1o para la reposici\u00f3n del Liceo de Yungay fue aprobado el pasado 26 de mayo de 2022, por el Ministerio de Desarrollo Social y Familia. El monto a financiar es de 8.805 millones de pesos. El proyecto contempla la construcci\u00f3n de un edificio de 6.143 m2, distribuido en 3 niveles, su dise\u00f1o est\u00e1 acorde a la vigente normativa de accesibilidad universal y cuenta con un elevado est\u00e1ndar de construcci\u00f3n, instal\u00e1ndolo dentro de las m\u00e1s sofisticadas obras de infraestructura educativa del pa\u00eds.<\/p>\n","protected":false},"excerpt":{"rendered":"<p>Junio 2022: En una provechosa reuni\u00f3n de trabajo, que consider\u00f3 la revisi\u00f3n de la cartera integral de proyectos de nuestra comuna, el Gobernador Regional de \u00d1uble, \u00d3scar Cris\u00f3stomo Llanos, considerando la solicitud del alcalde&#46;&#46;&#46;<\/p>\n","protected":false},"author":2,"featured_media":26298,"comment_status":"closed","ping_status":"open","sticky":false,"template":"","format":"standard","meta":{"footnotes":""},"categories":[2571,1],"tags":[366,89,1115,8,6,117],"class_list":["post-26297","post","type-post","status-publish","format-standard","has-post-thumbnail","hentry","category-educacion-2","category-noticias","tag-educacion","tag-liceo-yungay","tag-noticias","tag-yungay","tag-yungayino","tag-yungayinocl"],"_links":{"self":[{"href":"https:\/\/www.yungayino.cl\/noticias\/index.php?rest_route=\/wp\/v2\/posts\/26297","targetHints":{"allow":["GET"]}}],"collection":[{"href":"https:\/\/www.yungayino.cl\/noticias\/index.php?rest_route=\/wp\/v2\/posts"}],"about":[{"href":"https:\/\/www.yungayino.cl\/noticias\/index.php?rest_route=\/wp\/v2\/types\/post"}],"author":[{"embeddable":true,"href":"https:\/\/www.yungayino.cl\/noticias\/index.php?rest_route=\/wp\/v2\/users\/2"}],"replies":[{"embeddable":true,"href":"https:\/\/www.yungayino.cl\/noticias\/index.php?rest_route=%2Fwp%2Fv2%2Fcomments&post=26297"}],"version-history":[{"count":1,"href":"https:\/\/www.yungayino.cl\/noticias\/index.php?rest_route=\/wp\/v2\/posts\/26297\/revisions"}],"predecessor-version":[{"id":26299,"href":"https:\/\/www.yungayino.cl\/noticias\/index.php?rest_route=\/wp\/v2\/posts\/26297\/revisions\/26299"}],"wp:featuredmedia":[{"embeddable":true,"href":"https:\/\/www.yungayino.cl\/noticias\/index.php?rest_route=\/wp\/v2\/media\/26298"}],"wp:attachment":[{"href":"https:\/\/www.yungayino.cl\/noticias\/index.php?rest_route=%2Fwp%2Fv2%2Fmedia&parent=26297"}],"wp:term":[{"taxonomy":"category","embeddable":true,"href":"https:\/\/www.yungayino.cl\/noticias\/index.php?rest_route=%2Fwp%2Fv2%2Fcategories&post=26297"},{"taxonomy":"post_tag","embeddable":true,"href":"https:\/\/www.yungayino.cl\/noticias\/index.php?rest_route=%2Fwp%2Fv2%2Ftags&post=26297"}],"curies":[{"name":"wp","href":"https:\/\/api.w.org\/{rel}","templated":true}]}}