{"id":26306,"date":"2022-06-16T07:00:37","date_gmt":"2022-06-16T10:00:37","guid":{"rendered":"http:\/\/www.yungayino.cl\/noticias\/?p=26306"},"modified":"2022-06-14T23:27:24","modified_gmt":"2022-06-15T02:27:24","slug":"gobierno-regional-anuncia-que-nuble-sera-sede-de-los-juegos-nacionales-inclusivos-de-invierno-y-verano-2022","status":"publish","type":"post","link":"https:\/\/www.yungayino.cl\/noticias\/?p=26306","title":{"rendered":"Gobierno Regional Anuncia que \u00d1uble Ser\u00e1 Sede de los Juegos Nacionales Inclusivos de Invierno y Verano 2022"},"content":{"rendered":"<p><img loading=\"lazy\" decoding=\"async\" class=\"alignnone size-full wp-image-26307\" src=\"http:\/\/www.yungayino.cl\/noticias\/wp-content\/uploads\/2022\/06\/juegos-nacionales.jpg\" alt=\"\" width=\"700\" height=\"350\" srcset=\"https:\/\/www.yungayino.cl\/noticias\/wp-content\/uploads\/2022\/06\/juegos-nacionales.jpg 700w, https:\/\/www.yungayino.cl\/noticias\/wp-content\/uploads\/2022\/06\/juegos-nacionales-300x150.jpg 300w\" sizes=\"auto, (max-width: 700px) 100vw, 700px\" \/><\/p>\n<p style=\"text-align: justify;\">\u00d1uble, junio 2022: Gracias a un convenio entre el Gobierno Regional y Fundaci\u00f3n Olimpiadas Especiales Chile, los eventos deportivos arribar\u00e1n a la regi\u00f3n en agosto y octubre, atrayendo, entre ambas instancias, a m\u00e1s de 350 atletas con discapacidad intelectual que se medir\u00e1n en diferentes disciplinas.<\/p>\n<p style=\"text-align: justify;\">Dos competencias deportivas para personas con discapacidad intelectual tendr\u00e1n como sede a \u00d1uble, gracias al apoyo del Gobierno Regional. Se trata de los Juegos Nacionales Inclusivos de invierno y verano \u2013 Olimpiadas Especiales, cuyo convenio para el traspaso de recursos fue firmado hoy por el Gobernador Regional, \u00d3scar Cris\u00f3stomo y la Fundaci\u00f3n Olimpiadas Especiales Chile, reafirmando el compromiso de avanzar hacia un \u00d1uble m\u00e1s inclusivo.<\/p>\n<p style=\"text-align: justify;\">La iniciativa \u201cJuegos Nacionales Inclusivos de Verano e Invierno \u2013 Olimpiadas Especiales \u2013 \u00d1uble 2022\u201d corresponde a una subvenci\u00f3n de inter\u00e9s regional que permitir\u00e1 destinar $70.000.000 para la realizaci\u00f3n de estos eventos deportivos que reunir\u00e1n en la regi\u00f3n a m\u00e1s de 350 atletas.<\/p>\n<p style=\"text-align: justify;\">Sobre el sello inclusivo del Gobierno Regional, el Gobernador Cris\u00f3stomo asegur\u00f3 que \u201c\u00d1uble se transforma en la capital nacional de la inclusi\u00f3n. Hoy hemos dado un paso m\u00e1s a las diversas acciones que est\u00e1n enmarcadas dentro de la Pol\u00edtica Regional de Inclusi\u00f3n que hemos generado. Recordemos que partimos con el Centro Telet\u00f3n, hemos estado financiando buses y minibuses inclusivos para cada una de las comunas, junto con ello hemos tenido un convenio con la Fundaci\u00f3n MiTea y hoy estamos firmando un convenio con Olimpiadas Especiales para que el pr\u00f3ximo encuentro, el encuentro nacional, sea precisamente en nuestra regi\u00f3n\u201d.<\/p>\n<p style=\"text-align: justify;\">Respecto al convenio, explic\u00f3 que \u201centendemos la necesidad de generar pol\u00edticas que permitan ir haciendo acciones concretas para incluir, para poder aceptarnos tambi\u00e9n dentro de nuestra diversidad. Creo que ese es finalmente el mensaje que tenemos que tener cada uno nosotros y esto tambi\u00e9n permite incentivar lo que es el deporte (\u2026) Esperamos, y as\u00ed le hemos planteado a Olimpiadas Especiales que no solamente sean este a\u00f1o las olimpiadas nacionales en \u00d1uble, sino que lo que esperamos es que se transforme en el epicentro nacional constante con estas olimpiadas, pensando tambi\u00e9n en las olimpiadas internacionales que se van a realizar el a\u00f1o 2025\u201d.<\/p>\n<p style=\"text-align: justify;\">A su vez, el director ejecutivo de Olimpiadas Especiales Chile, Javier Pi\u00f1eiro, manifest\u00f3 que \u201cestamos muy contentos como Olimpiadas Especiales de poder finalmente concretar este sue\u00f1o que tenemos de poder llegar a regiones y qu\u00e9 mejor que poder hacerlo ac\u00e1 en la Regi\u00f3n de \u00d1uble. Estamos s\u00faper agradecidos del Gobierno Regional por todo el apoyo que nos est\u00e1n brindando y que estamos seguros nos van a brindar de aqu\u00ed en adelante. Estamos muy contentos de que 350 chicos y chicas, j\u00f3venes y adultos con discapacidad intelectual van a tener una oportunidad de participaci\u00f3n \u00fanica aqu\u00ed en la regi\u00f3n\u201d. Agreg\u00f3 que \u201c\u00d1uble convirti\u00e9ndose hoy en la sede por la inclusi\u00f3n va a permitir darle valor a la diversidad, darle valor a las diferencias. El deporte aqu\u00ed se convierte en una herramienta de desarrollo social, de desarrollo personal en los atletas, en las personas, y se van a convertir realmente en un ejemplo para el resto de la sociedad\u201d.<\/p>\n<p style=\"text-align: justify;\">La firma de convenio se realiz\u00f3 en la Escuela Especial Las Acacias de Chill\u00e1n, establecimiento al que pertenecen diferentes deportistas, entre ellos, Jorge Constant, medallista de oro en la categor\u00eda intermedia de Esqu\u00ed Alpino en los Juegos Olimpiadas Especiales de Invierno en Austria 2017, quien entreg\u00f3 su testimonio sobre la importancia del deporte en su vida.<\/p>\n<p style=\"text-align: justify;\">En este sentido, Constant expres\u00f3 que el \u201cdeporte me cambi\u00f3 la vida\u201d y recalc\u00f3 que tiene muchos beneficios para el cuerpo y la salud. Asimismo, hizo un llamado a las personas a que si les gusta una disciplina le dediquen espacio, porque muchas veces, el deporte los lleva a hacer cosas grandes \u201cque uno no piensa que va a llegar a hacer\u201d. Tambi\u00e9n tuvo palabras de motivaci\u00f3n para los j\u00f3venes: \u201cdejen el tel\u00e9fono, que se dediquen al deporte, a los estudios, a su futuro\u201d.<\/p>\n<p style=\"text-align: justify;\">Adem\u00e1s, estuvieron presentes en la actividad Mar\u00eda Alejandra Hern\u00e1ndez, directora de Programas de la Fundaci\u00f3n Olimpiadas Especiales Chile; la directora de la Escuela Especial Las Acacias, Pamela Moller; el director del IND \u00d1uble, Carlos Chand\u00eda; el director del Departamento de Educaci\u00f3n Municipal de Chill\u00e1n, Marco Aguilera; el director de Deportes de la Municipalidad de Chill\u00e1n, Samuel Caroca; representantes de la Serem\u00eda de Educaci\u00f3n, alumnos, padres y apoderados del establecimiento, entre otros participantes.<\/p>\n<p style=\"text-align: justify;\"><strong>Detalle de los Juegos Nacionales Inclusivos \u00d1uble 2022<\/strong><\/p>\n<p style=\"text-align: justify;\">Los Juegos de Invierno se llevar\u00e1n a cabo en el centro invernal Nevados de Chill\u00e1n durante dos d\u00edas en agosto y contar\u00e1n con 60 atletas provenientes de diferentes regiones del pa\u00eds que competir\u00e1n en Snowboard-Snowboard Unificado, Esqu\u00ed y Caminata con Raquetas Unificado. Este \u00faltimo deporte ser\u00e1 demostrativo y participar\u00e1n, adem\u00e1s, 50 personas con discapacidad intelectual de Chill\u00e1n.<\/p>\n<p style=\"text-align: justify;\">En tanto, los Juegos de Verano, se desarrollar\u00e1n en octubre en diferentes espacios deportivos de Chill\u00e1n y contar\u00e1n con la participaci\u00f3n de 300 atletas de todo Chile que se medir\u00e1n en ramas como Atletismo, Tenis \u2013 Tenis Unificado y B\u00e1squetbol 3&#215;3 Unificado. Cabe destacar que en esta instancia se realizar\u00e1 la competencia nacional clasificatoria para los Juegos Mundiales Special Olympics \u2013 Berl\u00edn 2023 en deportes de verano.<\/p>\n","protected":false},"excerpt":{"rendered":"<p>\u00d1uble, junio 2022: Gracias a un convenio entre el Gobierno Regional y Fundaci\u00f3n Olimpiadas Especiales Chile, los eventos deportivos arribar\u00e1n a la regi\u00f3n en agosto y octubre, atrayendo, entre ambas instancias, a m\u00e1s de&#46;&#46;&#46;<\/p>\n","protected":false},"author":2,"featured_media":26307,"comment_status":"closed","ping_status":"open","sticky":false,"template":"","format":"standard","meta":{"footnotes":""},"categories":[17,1],"tags":[1120,1115,1678,8,6,117],"class_list":["post-26306","post","type-post","status-publish","format-standard","has-post-thumbnail","hentry","category-deporte","category-noticias","tag-deporte","tag-noticias","tag-nuble","tag-yungay","tag-yungayino","tag-yungayinocl"],"_links":{"self":[{"href":"https:\/\/www.yungayino.cl\/noticias\/index.php?rest_route=\/wp\/v2\/posts\/26306","targetHints":{"allow":["GET"]}}],"collection":[{"href":"https:\/\/www.yungayino.cl\/noticias\/index.php?rest_route=\/wp\/v2\/posts"}],"about":[{"href":"https:\/\/www.yungayino.cl\/noticias\/index.php?rest_route=\/wp\/v2\/types\/post"}],"author":[{"embeddable":true,"href":"https:\/\/www.yungayino.cl\/noticias\/index.php?rest_route=\/wp\/v2\/users\/2"}],"replies":[{"embeddable":true,"href":"https:\/\/www.yungayino.cl\/noticias\/index.php?rest_route=%2Fwp%2Fv2%2Fcomments&post=26306"}],"version-history":[{"count":2,"href":"https:\/\/www.yungayino.cl\/noticias\/index.php?rest_route=\/wp\/v2\/posts\/26306\/revisions"}],"predecessor-version":[{"id":26309,"href":"https:\/\/www.yungayino.cl\/noticias\/index.php?rest_route=\/wp\/v2\/posts\/26306\/revisions\/26309"}],"wp:featuredmedia":[{"embeddable":true,"href":"https:\/\/www.yungayino.cl\/noticias\/index.php?rest_route=\/wp\/v2\/media\/26307"}],"wp:attachment":[{"href":"https:\/\/www.yungayino.cl\/noticias\/index.php?rest_route=%2Fwp%2Fv2%2Fmedia&parent=26306"}],"wp:term":[{"taxonomy":"category","embeddable":true,"href":"https:\/\/www.yungayino.cl\/noticias\/index.php?rest_route=%2Fwp%2Fv2%2Fcategories&post=26306"},{"taxonomy":"post_tag","embeddable":true,"href":"https:\/\/www.yungayino.cl\/noticias\/index.php?rest_route=%2Fwp%2Fv2%2Ftags&post=26306"}],"curies":[{"name":"wp","href":"https:\/\/api.w.org\/{rel}","templated":true}]}}