{"id":2631,"date":"2009-12-17T18:00:41","date_gmt":"2009-12-17T22:00:41","guid":{"rendered":"http:\/\/www.yungayino.cl\/noticias\/?p=2631"},"modified":"2009-12-17T23:28:56","modified_gmt":"2009-12-18T03:28:56","slug":"carabineros-de-yungay-lanza-campana-para-una-%e2%80%9cnavidad-segura%e2%80%9d","status":"publish","type":"post","link":"https:\/\/www.yungayino.cl\/noticias\/?p=2631","title":{"rendered":"Carabineros de Yungay Lanza Campa\u00f1a Para una \u201cNavidad Segura\u201d"},"content":{"rendered":"<p><img decoding=\"async\" src=\"http:\/\/www.yungayino.cl\/imagenes\/navidadsegura.jpg\" alt=\"Carabineros de Yungay Lanza Campa\u00f1a Para una \u201cNavidad Segura\u201d\" \/><\/p>\n<p align=\"justify\"><font size=\"2\">Yungay 17 de diciembre, a pocos dias de la Navidad Carabineros de Yungay encabezados por el Capit\u00e1n Jos\u00e9 Miguel Sol\u00eds Ch\u00e1vez, lanzo frente al Liceo una campa\u00f1a para evitar robos y hurtos a personas que realicen compras navide\u00f1as en estos d\u00edas. En la ocasi\u00f3n, se hizo un llamado a tomar una serie de medidas para que los Yungayinos eviten pasar malos ratos por culpa de los delincuentes. Al lanzamiento de esta importante campa\u00f1a concurrieron los ni\u00f1os de los jardines Rayito de Luna y Verde Amanecer de nuestra comuna, que acompa\u00f1ados por t\u00edas y apoderados recibieron tambi\u00e9n la entrega de folletos con consejos para evitar diferentes delitos.<br \/>\n<a href=\"http:\/\/www.flickr.com\/photos\/43836468@N08\/tags\/navidadsegura\/\">Fotograf\u00edas<\/a><br \/>\n<object width=\"425\" height=\"344\"><param name=\"movie\" value=\"http:\/\/www.youtube.com\/v\/OzVdSRmpa74&#038;rel=0&#038;egm=0&#038;hl=es_ES&#038;fs=1&#038;\"><\/param><param name=\"allowFullScreen\" value=\"true\"><\/param><param name=\"allowscriptaccess\" value=\"always\"><\/param><embed src=\"http:\/\/www.youtube.com\/v\/OzVdSRmpa74&#038;rel=0&#038;egm=0&#038;hl=es_ES&#038;fs=1&#038;\" type=\"application\/x-shockwave-flash\" allowscriptaccess=\"always\" allowfullscreen=\"true\" width=\"425\" height=\"344\"><\/embed><\/object><\/a><\/font><\/p>\n","protected":false},"excerpt":{"rendered":"<p>Yungay 17 de diciembre, a pocos dias de la Navidad Carabineros de Yungay encabezados por el Capit\u00e1n Jos\u00e9 Miguel Sol\u00eds Ch\u00e1vez, lanzo frente al Liceo una campa\u00f1a para evitar robos y hurtos a personas&#46;&#46;&#46;<\/p>\n","protected":false},"author":2,"featured_media":15186,"comment_status":"open","ping_status":"open","sticky":false,"template":"","format":"standard","meta":{"footnotes":""},"categories":[1],"tags":[25,127,1115,8,6],"class_list":["post-2631","post","type-post","status-publish","format-standard","has-post-thumbnail","hentry","category-noticias","tag-carabineros","tag-navidad-segura","tag-noticias","tag-yungay","tag-yungayino"],"_links":{"self":[{"href":"https:\/\/www.yungayino.cl\/noticias\/index.php?rest_route=\/wp\/v2\/posts\/2631","targetHints":{"allow":["GET"]}}],"collection":[{"href":"https:\/\/www.yungayino.cl\/noticias\/index.php?rest_route=\/wp\/v2\/posts"}],"about":[{"href":"https:\/\/www.yungayino.cl\/noticias\/index.php?rest_route=\/wp\/v2\/types\/post"}],"author":[{"embeddable":true,"href":"https:\/\/www.yungayino.cl\/noticias\/index.php?rest_route=\/wp\/v2\/users\/2"}],"replies":[{"embeddable":true,"href":"https:\/\/www.yungayino.cl\/noticias\/index.php?rest_route=%2Fwp%2Fv2%2Fcomments&post=2631"}],"version-history":[{"count":6,"href":"https:\/\/www.yungayino.cl\/noticias\/index.php?rest_route=\/wp\/v2\/posts\/2631\/revisions"}],"predecessor-version":[{"id":2644,"href":"https:\/\/www.yungayino.cl\/noticias\/index.php?rest_route=\/wp\/v2\/posts\/2631\/revisions\/2644"}],"wp:featuredmedia":[{"embeddable":true,"href":"https:\/\/www.yungayino.cl\/noticias\/index.php?rest_route=\/wp\/v2\/media\/15186"}],"wp:attachment":[{"href":"https:\/\/www.yungayino.cl\/noticias\/index.php?rest_route=%2Fwp%2Fv2%2Fmedia&parent=2631"}],"wp:term":[{"taxonomy":"category","embeddable":true,"href":"https:\/\/www.yungayino.cl\/noticias\/index.php?rest_route=%2Fwp%2Fv2%2Fcategories&post=2631"},{"taxonomy":"post_tag","embeddable":true,"href":"https:\/\/www.yungayino.cl\/noticias\/index.php?rest_route=%2Fwp%2Fv2%2Ftags&post=2631"}],"curies":[{"name":"wp","href":"https:\/\/api.w.org\/{rel}","templated":true}]}}