{"id":26342,"date":"2022-06-25T07:00:05","date_gmt":"2022-06-25T10:00:05","guid":{"rendered":"http:\/\/www.yungayino.cl\/noticias\/?p=26342"},"modified":"2022-06-23T18:27:23","modified_gmt":"2022-06-23T21:27:23","slug":"sag-refuerza-medidas-de-vigilancia-tras-la-deteccion-en-bolivia-de-grave-plaga-que-afecta-a-las-abejas","status":"publish","type":"post","link":"https:\/\/www.yungayino.cl\/noticias\/?p=26342","title":{"rendered":"SAG Refuerza Medidas de Vigilancia Tras la Detecci\u00f3n en Bolivia de Grave Plaga que Afecta a las Abejas"},"content":{"rendered":"<p><img loading=\"lazy\" decoding=\"async\" class=\"alignnone size-full wp-image-26343\" src=\"http:\/\/www.yungayino.cl\/noticias\/wp-content\/uploads\/2022\/06\/abeja.jpg\" alt=\"\" width=\"700\" height=\"350\" srcset=\"https:\/\/www.yungayino.cl\/noticias\/wp-content\/uploads\/2022\/06\/abeja.jpg 700w, https:\/\/www.yungayino.cl\/noticias\/wp-content\/uploads\/2022\/06\/abeja-300x150.jpg 300w\" sizes=\"auto, (max-width: 700px) 100vw, 700px\" \/><\/p>\n<p style=\"text-align: justify;\">Junio 2022: Se trata del peque\u00f1o escarabajo de las colmenas, plaga no presente en nuestro pa\u00eds que fue reportada hace un mes por Paraguay y hace algunos d\u00edas por Bolivia, aumentando la presi\u00f3n de ingreso a Chile.<\/p>\n<p style=\"text-align: justify;\">El Servicio Agr\u00edcola y Ganadero se encuentra en alerta y ha reforzado las medidas de prevenci\u00f3n tendientes a evitar el ingreso del peque\u00f1o escarabajo de la colmena (Aethina tumida), insecto que ya fue detectado en la zona de Cochabamba, Bolivia.<\/p>\n<p style=\"text-align: justify;\">El peque\u00f1o escarabajo de las colmenas \u2013tambi\u00e9n conocido como PEC- ha tenido un r\u00e1pido desplazamiento por el cono sur: se detect\u00f3 en Brasil en 2016; en Colombia en 2018; y en Paraguay y Bolivia en 2022, aumentando la presi\u00f3n de ingreso a nuestro pa\u00eds.<\/p>\n<p style=\"text-align: justify;\">Ante este escenario, el SAG reitera a todos los pasajeros\/as la importancia de no ingresar productos que puedan poner en riesgo la sanidad de nuestra agricultura y medio ambiente; invit\u00e1ndolos a poner especial atenci\u00f3n con los productos de origen ap\u00edcola, materiales de uso en apicultura y todo tipo de frutas que pueda portar las larvas del peque\u00f1o escarabajo de la colmena.<\/p>\n<p style=\"text-align: justify;\">Chile est\u00e1 libre de esta plaga, y su ingreso podr\u00eda provocar un grave da\u00f1o al sector ap\u00edcola y al ecosistema de nuestro pa\u00eds, con p\u00e9rdidas de colmenas y del posicionamiento global que el pa\u00eds mantiene en materia sanitario ap\u00edcola.<\/p>\n<p style=\"text-align: justify;\">El SAG ya se encuentra trabajando en las acciones de prevenci\u00f3n, reforzando las actividades en los controles fronterizos; fortaleciendo la vigilancia, instalando trampas en apiarios en zonas de mayor riesgo (apiarios centinelas), activando planes de fiscalizaci\u00f3n complementarios a ingresos ilegales de productos por pasos no habilitados y masificando la alerta entre los apicultores\/as del pa\u00eds.<\/p>\n<p style=\"text-align: justify;\">Producto de los serios efectos que esta plaga puede generar, el SAG hace un llamado a los apicultores y apicultoras a denunciar de inmediato al Servicio la sospecha de la presencia del PEC escribiendo a <strong>oficina.informaciones@sag.gob.cl<\/strong> o contact\u00e1ndose con las oficinas del SAG en la Regi\u00f3n de \u00d1uble (<strong>San Carlos, Chill\u00e1n, Quirihue y Bulnes<\/strong>), as\u00ed como a toda la comunidad a denunciar\u00a0 cualquier hecho de internaci\u00f3n ilegal de productos que puedan poner en riesgo la\u00a0 favorable condici\u00f3n sanitaria del pa\u00eds.<\/p>\n","protected":false},"excerpt":{"rendered":"<p>Junio 2022: Se trata del peque\u00f1o escarabajo de las colmenas, plaga no presente en nuestro pa\u00eds que fue reportada hace un mes por Paraguay y hace algunos d\u00edas por Bolivia, aumentando la presi\u00f3n de&#46;&#46;&#46;<\/p>\n","protected":false},"author":2,"featured_media":26343,"comment_status":"closed","ping_status":"open","sticky":false,"template":"","format":"standard","meta":{"footnotes":""},"categories":[1],"tags":[2606,8,117,1096],"class_list":["post-26342","post","type-post","status-publish","format-standard","has-post-thumbnail","hentry","category-noticias","tag-noticias-sag","tag-yungay","tag-yungayinocl","tag-yungaytino"],"_links":{"self":[{"href":"https:\/\/www.yungayino.cl\/noticias\/index.php?rest_route=\/wp\/v2\/posts\/26342","targetHints":{"allow":["GET"]}}],"collection":[{"href":"https:\/\/www.yungayino.cl\/noticias\/index.php?rest_route=\/wp\/v2\/posts"}],"about":[{"href":"https:\/\/www.yungayino.cl\/noticias\/index.php?rest_route=\/wp\/v2\/types\/post"}],"author":[{"embeddable":true,"href":"https:\/\/www.yungayino.cl\/noticias\/index.php?rest_route=\/wp\/v2\/users\/2"}],"replies":[{"embeddable":true,"href":"https:\/\/www.yungayino.cl\/noticias\/index.php?rest_route=%2Fwp%2Fv2%2Fcomments&post=26342"}],"version-history":[{"count":1,"href":"https:\/\/www.yungayino.cl\/noticias\/index.php?rest_route=\/wp\/v2\/posts\/26342\/revisions"}],"predecessor-version":[{"id":26344,"href":"https:\/\/www.yungayino.cl\/noticias\/index.php?rest_route=\/wp\/v2\/posts\/26342\/revisions\/26344"}],"wp:featuredmedia":[{"embeddable":true,"href":"https:\/\/www.yungayino.cl\/noticias\/index.php?rest_route=\/wp\/v2\/media\/26343"}],"wp:attachment":[{"href":"https:\/\/www.yungayino.cl\/noticias\/index.php?rest_route=%2Fwp%2Fv2%2Fmedia&parent=26342"}],"wp:term":[{"taxonomy":"category","embeddable":true,"href":"https:\/\/www.yungayino.cl\/noticias\/index.php?rest_route=%2Fwp%2Fv2%2Fcategories&post=26342"},{"taxonomy":"post_tag","embeddable":true,"href":"https:\/\/www.yungayino.cl\/noticias\/index.php?rest_route=%2Fwp%2Fv2%2Ftags&post=26342"}],"curies":[{"name":"wp","href":"https:\/\/api.w.org\/{rel}","templated":true}]}}