{"id":26345,"date":"2022-07-05T07:00:28","date_gmt":"2022-07-05T10:00:28","guid":{"rendered":"http:\/\/www.yungayino.cl\/noticias\/?p=26345"},"modified":"2022-07-04T13:59:47","modified_gmt":"2022-07-04T16:59:47","slug":"gobierno-regional-anuncia-nuevas-fechas-del-rally-mobil-para-el-2023-y-da-a-conocer-positivos-numeros-para-emprendedores-de-chillan-viejo","status":"publish","type":"post","link":"https:\/\/www.yungayino.cl\/noticias\/?p=26345","title":{"rendered":"Gobierno Regional Anuncia Nuevas Fechas del Rally Mobil Para el 2023 y Da a Conocer Positivos N\u00fameros Para Emprendedores de Chill\u00e1n Viejo"},"content":{"rendered":"<p><img loading=\"lazy\" decoding=\"async\" class=\"alignnone size-full wp-image-26346\" src=\"http:\/\/www.yungayino.cl\/noticias\/wp-content\/uploads\/2022\/06\/rally.jpg\" alt=\"\" width=\"700\" height=\"350\" srcset=\"https:\/\/www.yungayino.cl\/noticias\/wp-content\/uploads\/2022\/06\/rally.jpg 700w, https:\/\/www.yungayino.cl\/noticias\/wp-content\/uploads\/2022\/06\/rally-300x150.jpg 300w\" sizes=\"auto, (max-width: 700px) 100vw, 700px\" \/><\/p>\n<p style=\"text-align: justify;\">Julio 2022: El 100% de ocupaci\u00f3n hotelera de la comuna, fue uno de los alcances del Rally seg\u00fan cifras de la C\u00e1mara de Comercio de Chill\u00e1n Viejo.<\/p>\n<p style=\"text-align: justify;\">El pr\u00f3ximo a\u00f1o se repetir\u00e1 el evento deportivo e invitaron a sumarse a la cuarta fecha para el 29, 30 y 31 de julio en Quill\u00f3n.<\/p>\n<p style=\"text-align: justify;\">\u201cQueremos acercarnos m\u00e1s a la ciudad para que, de esta manera, el fen\u00f3meno que se logr\u00f3 en\u00a0 Chill\u00e1n Viejo lo podamos replicar, porque despu\u00e9s de Chill\u00e1n Viejo hay una reflexi\u00f3n de parte nuestra como organizadores, donde nos damos cuenta de la relevancia que tiene este tipo de eventos cuando nos insertamos en la vida urbana\u201d as\u00ed\u00a0 grafic\u00f3 el\u00a0 \u00e9xito que tuvo la tercera fecha del Copec Rally Mobil, Felipe Horta, productor general de evento deportivo, al dar a conocer las cifras que dej\u00f3 la actividad, tanto en la comuna, como en la visualizaci\u00f3n en medios de comunicaciones y\u00a0 redes sociales.<\/p>\n<p style=\"text-align: justify;\">Junto al Gobernador Regional, \u00d3scar Cris\u00f3stomo, el alcalde de Chill\u00e1n Viejo, Jorge del Pozo, adem\u00e1s del Vicepresidente de la C\u00e1mara de Comercio de Chill\u00e1n Viejo, Juan Felipe Parra, y emprendedora Sabina Concha, detallaron los alcances del mega evento y se anunci\u00f3 una nueva fecha para el a\u00f1o 2023 en la hist\u00f3rica comuna. Seg\u00fan cifras entregadas por Felipe Horta, la tercera fecha del Copec Rally Mobil alcanz\u00f3 430.000 reproducciones en sus transmisiones en vivo, una ocupaci\u00f3n del 100% de las camas de la comuna, y un aumento de un 80 % de ventas en el rubro gastron\u00f3mico.<\/p>\n<p style=\"text-align: justify;\">El Gobernador Cris\u00f3stomo destac\u00f3 el \u201cesfuerzo mancomunado que se puede hacer desde lo p\u00fablico y lo privado para tener eventos de gran envergadura en la Regi\u00f3n de \u00d1uble, las cifras ya dan cuenta del impacto que ha tenido y nos ha permitido mostrar la regi\u00f3n, hicimos el\u00a0 esfuerzo\u00a0 de mostrar locaciones que dieran cuenta de lo maravilloso de la regi\u00f3n, desde su cordillera, su valle hasta sus costas, esperamos reforzar la marca \u00d1uble para generar m\u00e1s iniciativas como estas porque ac\u00e1 todos ganamos\u201d.<\/p>\n<p style=\"text-align: justify;\">Cris\u00f3stomo recalc\u00f3 que \u201ceste tipo de actividades las hacemos pensando en los emprendedores, porque hubo dos a\u00f1os muy complejos producto de la pandemia y necesitamos de estos eventos\u201d. Y junto con ello agradeci\u00f3 \u201ca los equipos que estuvieron atr\u00e1s por estar dispuestos del d\u00eda uno, donde hubo que prepararse para un evento de esta categor\u00eda, en hoteler\u00eda y gastronom\u00eda\u201d.<\/p>\n<p style=\"text-align: justify;\">A modo de conclusi\u00f3n del evento deportivo, Felipe Horta, hizo una breve exposici\u00f3n con las cifras detr\u00e1s de la tercera fecha y agradeci\u00f3 \u201cal gobernador y al alcalde de Chill\u00e1n Viejo, creo que esto fue un evento notable, que cumpli\u00f3 con todas las expectativas, solo gratitud de parte nuestra, de la Federaci\u00f3n, de los organizadores como tal, de los competidores que les gust\u00f3 mucho la carrera y el parque de asistencia. Fue un b\u00e1lsamo que nos refresco a todos el hecho de estar con tanta gente con tantos miles de personas que se comportaron de manera maravillosa\u201d. Resalt\u00f3 el \u201cnivel de gratitud, de alegr\u00eda de cada uno de los emprendedores a los que les dimos todas las facilidades para que pudieran funcionar, creo que fue uno de los grandes logros de esta fecha\u201d.<\/p>\n<p style=\"text-align: justify;\">Fecha Chill\u00e1n Viejo 2023<\/p>\n<p style=\"text-align: justify;\">El Gobernador Regional anunci\u00f3 que \u201chay una nueva fecha, el 2023 que tambi\u00e9n la vamos a hacer en conjunto con el municipio de Chill\u00e1n Viejo y que est\u00e1 pensada en la reactivaci\u00f3n, en la econom\u00eda y tambi\u00e9n en ir situando a nuestra regi\u00f3n dentro del escenario nacional e internacional y dejarlos invitados para finales de julio a la cuarta fecha que va a ser en la comuna de Quill\u00f3n\u201d.<\/p>\n<p style=\"text-align: justify;\">En este sentido, el Alcalde de Chill\u00e1n Viejo, Jorge del Pozo, junto con agradecer al Gobierno Regional y \u201ca trav\u00e9s de nuestro gobernador, quien confi\u00f3 en esta comuna y nos da esta tremenda noticia que vamos a ser casa nuevamente del Rally Mobil el a\u00f1o 2023. (\u2026) Agradecer la oportunidad de seguir trabajando y prepararnos con mayor tiempo y a decir que puede haber un Chill\u00e1n Viejo entretenido todo el a\u00f1o, ese es el nuevo concepto que dej\u00f3 el Rally Mobil\u201d.<\/p>\n<p style=\"text-align: justify;\">Comercio local<\/p>\n<p style=\"text-align: justify;\">En representaci\u00f3n de la C\u00e1mara de Comercio de Chill\u00e1n Viejo, Juan Felipe Parra, recalc\u00f3 que \u201cestamos demasiado agradecidos de todo lo que signific\u00f3 este mega evento. (\u2026) Hubo mucha uni\u00f3n del comercio en esto, todos abrieron sus puertas, adem\u00e1s que eso signific\u00f3 un 100% de ocupaci\u00f3n, estamos felices con esto y esta noticia que este pr\u00f3ximo a\u00f1o lo vamos a tener es un tiempo prudente para prepararnos para esto\u201d.<\/p>\n<p style=\"text-align: justify;\">Tambi\u00e9n, Sabina Concha, emprendedora de la comuna, sac\u00f3 cuentas alegres y destac\u00f3 que los pilotos y parte de la organizaci\u00f3n \u201ces un grupo muy cercano y yo me qued\u00e9 muy contenta, nos fue muy bien gracias a Dios, que m\u00e1s les puedo decir si yo ese d\u00eda estaba todo el d\u00eda haciendo cosas, porque hab\u00eda que cumplir, pero gracias a Dios nos fue muy bien\u201d.<\/p>\n","protected":false},"excerpt":{"rendered":"<p>Julio 2022: El 100% de ocupaci\u00f3n hotelera de la comuna, fue uno de los alcances del Rally seg\u00fan cifras de la C\u00e1mara de Comercio de Chill\u00e1n Viejo. El pr\u00f3ximo a\u00f1o se repetir\u00e1 el evento&#46;&#46;&#46;<\/p>\n","protected":false},"author":2,"featured_media":26346,"comment_status":"closed","ping_status":"open","sticky":false,"template":"","format":"standard","meta":{"footnotes":""},"categories":[1],"tags":[1115,8,117,1096],"class_list":["post-26345","post","type-post","status-publish","format-standard","has-post-thumbnail","hentry","category-noticias","tag-noticias","tag-yungay","tag-yungayinocl","tag-yungaytino"],"_links":{"self":[{"href":"https:\/\/www.yungayino.cl\/noticias\/index.php?rest_route=\/wp\/v2\/posts\/26345","targetHints":{"allow":["GET"]}}],"collection":[{"href":"https:\/\/www.yungayino.cl\/noticias\/index.php?rest_route=\/wp\/v2\/posts"}],"about":[{"href":"https:\/\/www.yungayino.cl\/noticias\/index.php?rest_route=\/wp\/v2\/types\/post"}],"author":[{"embeddable":true,"href":"https:\/\/www.yungayino.cl\/noticias\/index.php?rest_route=\/wp\/v2\/users\/2"}],"replies":[{"embeddable":true,"href":"https:\/\/www.yungayino.cl\/noticias\/index.php?rest_route=%2Fwp%2Fv2%2Fcomments&post=26345"}],"version-history":[{"count":3,"href":"https:\/\/www.yungayino.cl\/noticias\/index.php?rest_route=\/wp\/v2\/posts\/26345\/revisions"}],"predecessor-version":[{"id":26368,"href":"https:\/\/www.yungayino.cl\/noticias\/index.php?rest_route=\/wp\/v2\/posts\/26345\/revisions\/26368"}],"wp:featuredmedia":[{"embeddable":true,"href":"https:\/\/www.yungayino.cl\/noticias\/index.php?rest_route=\/wp\/v2\/media\/26346"}],"wp:attachment":[{"href":"https:\/\/www.yungayino.cl\/noticias\/index.php?rest_route=%2Fwp%2Fv2%2Fmedia&parent=26345"}],"wp:term":[{"taxonomy":"category","embeddable":true,"href":"https:\/\/www.yungayino.cl\/noticias\/index.php?rest_route=%2Fwp%2Fv2%2Fcategories&post=26345"},{"taxonomy":"post_tag","embeddable":true,"href":"https:\/\/www.yungayino.cl\/noticias\/index.php?rest_route=%2Fwp%2Fv2%2Ftags&post=26345"}],"curies":[{"name":"wp","href":"https:\/\/api.w.org\/{rel}","templated":true}]}}