{"id":26354,"date":"2022-06-25T07:00:47","date_gmt":"2022-06-25T10:00:47","guid":{"rendered":"http:\/\/www.yungayino.cl\/noticias\/?p=26354"},"modified":"2022-06-24T12:45:52","modified_gmt":"2022-06-24T15:45:52","slug":"subsecretario-de-desarrollo-regional-visita-el-liceo-modular-de-yungay","status":"publish","type":"post","link":"https:\/\/www.yungayino.cl\/noticias\/?p=26354","title":{"rendered":"Subsecretario de Desarrollo Regional Visita el Liceo Modular de Yungay"},"content":{"rendered":"<p><img loading=\"lazy\" decoding=\"async\" class=\"alignnone size-full wp-image-26355\" src=\"http:\/\/www.yungayino.cl\/noticias\/wp-content\/uploads\/2022\/06\/liceo-visita.jpg\" alt=\"\" width=\"700\" height=\"350\" srcset=\"https:\/\/www.yungayino.cl\/noticias\/wp-content\/uploads\/2022\/06\/liceo-visita.jpg 700w, https:\/\/www.yungayino.cl\/noticias\/wp-content\/uploads\/2022\/06\/liceo-visita-300x150.jpg 300w\" sizes=\"auto, (max-width: 700px) 100vw, 700px\" \/><\/p>\n<p style=\"text-align: justify;\">Yungay, junio 2022: Este jueves recibimos al Subsecretario de Desarrollo Regional, Miguel Crispi Serrano, en v\u00edsperas de la votaci\u00f3n del Consejo Regional para el financiamiento de la reposici\u00f3n del emblem\u00e1tico establecimiento educacional de nuestra comuna, quien sufri\u00f3 serios da\u00f1os a ra\u00edz del terremoto de 2010.<\/p>\n<p style=\"text-align: justify;\">El subsecretario, acompa\u00f1ado por el Gobernador Regional de \u00d1uble, \u00d3scar Cris\u00f3stomo Llanos y del delegado presidencial, Claudio Ferrada Alarc\u00f3n, lleg\u00f3 hasta el edificio modular para revisar sus condiciones y comprometer su apoyo para la reconstrucci\u00f3n de la educaci\u00f3n p\u00fablica de nuestra comuna.<\/p>\n<p style=\"text-align: justify;\">En la instancia, el alcalde, Rafael Cifuentes Rodr\u00edguez, tuvo la oportunidad de expresar las dificultades que se han presentado en el camino, el deterioro de la infraestructura y tambi\u00e9n el agradecimiento al gobernador regional y al delegado presidencial de la regi\u00f3n, por su gran apoyo hacia la comuna y la educaci\u00f3n de yungayinos y yungayinas.<\/p>\n<p style=\"text-align: justify;\">Hasta el liceo, tambi\u00e9n lleg\u00f3 el parlamentario yungayino, Felipe Cama\u00f1o, quien se sum\u00f3 y se\u00f1al\u00f3 la gran necesidad de reponer este importante edificio, el que albergar\u00e1 los sue\u00f1os de quienes estar\u00e1n a cargo del futuro de nuestra regi\u00f3n.<\/p>\n","protected":false},"excerpt":{"rendered":"<p>Yungay, junio 2022: Este jueves recibimos al Subsecretario de Desarrollo Regional, Miguel Crispi Serrano, en v\u00edsperas de la votaci\u00f3n del Consejo Regional para el financiamiento de la reposici\u00f3n del emblem\u00e1tico establecimiento educacional de nuestra&#46;&#46;&#46;<\/p>\n","protected":false},"author":2,"featured_media":26355,"comment_status":"closed","ping_status":"open","sticky":false,"template":"","format":"standard","meta":{"footnotes":""},"categories":[1],"tags":[366,89,1115,8,6,117],"class_list":["post-26354","post","type-post","status-publish","format-standard","has-post-thumbnail","hentry","category-noticias","tag-educacion","tag-liceo-yungay","tag-noticias","tag-yungay","tag-yungayino","tag-yungayinocl"],"_links":{"self":[{"href":"https:\/\/www.yungayino.cl\/noticias\/index.php?rest_route=\/wp\/v2\/posts\/26354","targetHints":{"allow":["GET"]}}],"collection":[{"href":"https:\/\/www.yungayino.cl\/noticias\/index.php?rest_route=\/wp\/v2\/posts"}],"about":[{"href":"https:\/\/www.yungayino.cl\/noticias\/index.php?rest_route=\/wp\/v2\/types\/post"}],"author":[{"embeddable":true,"href":"https:\/\/www.yungayino.cl\/noticias\/index.php?rest_route=\/wp\/v2\/users\/2"}],"replies":[{"embeddable":true,"href":"https:\/\/www.yungayino.cl\/noticias\/index.php?rest_route=%2Fwp%2Fv2%2Fcomments&post=26354"}],"version-history":[{"count":1,"href":"https:\/\/www.yungayino.cl\/noticias\/index.php?rest_route=\/wp\/v2\/posts\/26354\/revisions"}],"predecessor-version":[{"id":26356,"href":"https:\/\/www.yungayino.cl\/noticias\/index.php?rest_route=\/wp\/v2\/posts\/26354\/revisions\/26356"}],"wp:featuredmedia":[{"embeddable":true,"href":"https:\/\/www.yungayino.cl\/noticias\/index.php?rest_route=\/wp\/v2\/media\/26355"}],"wp:attachment":[{"href":"https:\/\/www.yungayino.cl\/noticias\/index.php?rest_route=%2Fwp%2Fv2%2Fmedia&parent=26354"}],"wp:term":[{"taxonomy":"category","embeddable":true,"href":"https:\/\/www.yungayino.cl\/noticias\/index.php?rest_route=%2Fwp%2Fv2%2Fcategories&post=26354"},{"taxonomy":"post_tag","embeddable":true,"href":"https:\/\/www.yungayino.cl\/noticias\/index.php?rest_route=%2Fwp%2Fv2%2Ftags&post=26354"}],"curies":[{"name":"wp","href":"https:\/\/api.w.org\/{rel}","templated":true}]}}